{"id":627,"date":"2009-03-09T23:53:50","date_gmt":"2009-03-09T22:53:50","guid":{"rendered":"http:\/\/www.kunstwerkstatt.at\/wp\/?p=627"},"modified":"2009-03-09T23:55:39","modified_gmt":"2009-03-09T22:55:39","slug":"theater-tandaradei-hier-gehts-uns-gut","status":"publish","type":"post","link":"https:\/\/www.kunstwerkstatt.at\/wp\/?p=627","title":{"rendered":"Theater Tandaradei \/\/ Hier geht&#8217;s uns gut!"},"content":{"rendered":"<p><img loading=\"lazy\" decoding=\"async\" class=\"size-thumbnail wp-image-626 alignright\" title=\"tandarei\" src=\"https:\/\/www.kunstwerkstatt.at\/wp\/wp-content\/uploads\/2009\/03\/tandarei-150x150.jpg\" alt=\"tandarei\" width=\"186\" height=\"186\" \/><strong>Theater mit Bewegung und Live Musik<\/strong><br \/>\n<strong>15. M\u00e4rz, Einlass um 19:30<\/strong><\/p>\n<p>&#8222;Hier geht&#8217;s uns gut!&#8220; ist die Geschichte einer Jugend, die mit M\u00f6glichkeiten \u00fcberf\u00fcllt wird &#8211; bis zum Ersticken &#8211; und dem \u00fcblen Nachgeschmack von Perspektivenlosigkeit und Zukunftsangst nicht entkommt. Das St\u00fcck erz\u00e4hlt auf witzige, teils skurile Weise, aber mit ernsthaftem Umgang, eine Lebensphase in der sich \u00c4nderungen anbahnen und neue<br \/>\nWege einschlagen werden.<\/p>\n<p><!--more--><\/p>\n<p><img loading=\"lazy\" decoding=\"async\" class=\"alignnone size-full wp-image-664\" title=\"Tandaradei\" src=\"https:\/\/www.kunstwerkstatt.at\/wp\/wp-content\/uploads\/2009\/03\/flyer-hier-gehts-uns-gut-1.jpg\" alt=\"Tandarei\" width=\"449\" height=\"633\" srcset=\"https:\/\/www.kunstwerkstatt.at\/wp\/wp-content\/uploads\/2009\/03\/flyer-hier-gehts-uns-gut-1.jpg 449w, https:\/\/www.kunstwerkstatt.at\/wp\/wp-content\/uploads\/2009\/03\/flyer-hier-gehts-uns-gut-1-212x300.jpg 212w\" sizes=\"auto, (max-width: 449px) 100vw, 449px\" \/><\/p>\n<p><img loading=\"lazy\" decoding=\"async\" class=\"alignnone size-full wp-image-666\" title=\"Tandarei\" src=\"https:\/\/www.kunstwerkstatt.at\/wp\/wp-content\/uploads\/2009\/03\/flyer-hier-gehts-uns-gut-21.jpg\" alt=\"Tandaradei\" width=\"450\" height=\"628\" srcset=\"https:\/\/www.kunstwerkstatt.at\/wp\/wp-content\/uploads\/2009\/03\/flyer-hier-gehts-uns-gut-21.jpg 450w, https:\/\/www.kunstwerkstatt.at\/wp\/wp-content\/uploads\/2009\/03\/flyer-hier-gehts-uns-gut-21-214x300.jpg 214w\" sizes=\"auto, (max-width: 450px) 100vw, 450px\" \/><\/p>\n","protected":false},"excerpt":{"rendered":"<p>Theater mit Bewegung und Live Musik 15. M\u00e4rz, Einlass um 19:30 &#8222;Hier geht&#8217;s uns gut!&#8220; ist die Geschichte einer Jugend,&hellip;<\/p>\n","protected":false},"author":4,"featured_media":0,"comment_status":"open","ping_status":"closed","sticky":false,"template":"","format":"standard","meta":{"ngg_post_thumbnail":0,"footnotes":""},"categories":[7,13],"tags":[],"class_list":["post-627","post","type-post","status-publish","format-standard","hentry","category-kids-und-jugendliche","category-theater"],"_links":{"self":[{"href":"https:\/\/www.kunstwerkstatt.at\/wp\/index.php?rest_route=\/wp\/v2\/posts\/627","targetHints":{"allow":["GET"]}}],"collection":[{"href":"https:\/\/www.kunstwerkstatt.at\/wp\/index.php?rest_route=\/wp\/v2\/posts"}],"about":[{"href":"https:\/\/www.kunstwerkstatt.at\/wp\/index.php?rest_route=\/wp\/v2\/types\/post"}],"author":[{"embeddable":true,"href":"https:\/\/www.kunstwerkstatt.at\/wp\/index.php?rest_route=\/wp\/v2\/users\/4"}],"replies":[{"embeddable":true,"href":"https:\/\/www.kunstwerkstatt.at\/wp\/index.php?rest_route=%2Fwp%2Fv2%2Fcomments&post=627"}],"version-history":[{"count":42,"href":"https:\/\/www.kunstwerkstatt.at\/wp\/index.php?rest_route=\/wp\/v2\/posts\/627\/revisions"}],"predecessor-version":[{"id":673,"href":"https:\/\/www.kunstwerkstatt.at\/wp\/index.php?rest_route=\/wp\/v2\/posts\/627\/revisions\/673"}],"wp:attachment":[{"href":"https:\/\/www.kunstwerkstatt.at\/wp\/index.php?rest_route=%2Fwp%2Fv2%2Fmedia&parent=627"}],"wp:term":[{"taxonomy":"category","embeddable":true,"href":"https:\/\/www.kunstwerkstatt.at\/wp\/index.php?rest_route=%2Fwp%2Fv2%2Fcategories&post=627"},{"taxonomy":"post_tag","embeddable":true,"href":"https:\/\/www.kunstwerkstatt.at\/wp\/index.php?rest_route=%2Fwp%2Fv2%2Ftags&post=627"}],"curies":[{"name":"wp","href":"https:\/\/api.w.org\/{rel}","templated":true}]}}