{"id":6977,"date":"2014-02-06T17:06:48","date_gmt":"2014-02-06T16:06:48","guid":{"rendered":"http:\/\/www.kunstwerkstatt.at\/wp\/?p=6977"},"modified":"2017-09-04T21:21:03","modified_gmt":"2017-09-04T20:21:03","slug":"25-aug-vernissage-19h00-wir-kwt","status":"publish","type":"post","link":"https:\/\/www.kunstwerkstatt.at\/wp\/?p=6977","title":{"rendered":"25. aug Vernissage 19h00 | WIR-KWT"},"content":{"rendered":"<p><a href=\"https:\/\/www.kunstwerkstatt.at\/wp\/wp-content\/uploads\/2016\/12\/wir-kwt.jpg\"><img loading=\"lazy\" decoding=\"async\" class=\"alignleft size-large wp-image-7180\" src=\"https:\/\/www.kunstwerkstatt.at\/wp\/wp-content\/uploads\/2016\/12\/wir-kwt-450x150.jpg\" alt=\"OLYMPUS DIGITAL CAMERA\" width=\"450\" height=\"150\" srcset=\"https:\/\/www.kunstwerkstatt.at\/wp\/wp-content\/uploads\/2016\/12\/wir-kwt-450x150.jpg 450w, https:\/\/www.kunstwerkstatt.at\/wp\/wp-content\/uploads\/2016\/12\/wir-kwt-300x100.jpg 300w\" sizes=\"auto, (max-width: 450px) 100vw, 450px\" \/><\/a>Ausstellung bis 3. September<br \/>\n\u00d6ffnungszeiten Sa+So 16-20h00<\/p>\n<p>ausstellende K\u00fcnstlerInnen:<br \/>\nNorbert Kienbeck, Gert Linke, Linus Lins, Szilvia Ortlieb, Ragnhild R\u00f8d und Katrin Werzinger<\/p>\n<p><a href=\"https:\/\/www.kunstwerkstatt.at\/wp\/wp-content\/uploads\/2017\/05\/WIR_KWT_17-HP.jpeg\"><img loading=\"lazy\" decoding=\"async\" class=\"alignleft size-large wp-image-6978\" src=\"https:\/\/www.kunstwerkstatt.at\/wp\/wp-content\/uploads\/2017\/05\/WIR_KWT_17-HP-450x150.jpeg\" alt=\"WIR_KWT_17-HP\" width=\"450\" height=\"150\" srcset=\"https:\/\/www.kunstwerkstatt.at\/wp\/wp-content\/uploads\/2017\/05\/WIR_KWT_17-HP-450x150.jpeg 450w, https:\/\/www.kunstwerkstatt.at\/wp\/wp-content\/uploads\/2017\/05\/WIR_KWT_17-HP-300x100.jpeg 300w, https:\/\/www.kunstwerkstatt.at\/wp\/wp-content\/uploads\/2017\/05\/WIR_KWT_17-HP.jpeg 917w\" sizes=\"auto, (max-width: 450px) 100vw, 450px\" \/><\/a><\/p>\n","protected":false},"excerpt":{"rendered":"<p>Ausstellung bis 3. September \u00d6ffnungszeiten Sa+So 16-20h00 ausstellende K\u00fcnstlerInnen: Norbert Kienbeck, Gert Linke, Linus Lins, Szilvia Ortlieb, Ragnhild R\u00f8d und&hellip;<\/p>\n","protected":false},"author":2,"featured_media":0,"comment_status":"open","ping_status":"closed","sticky":false,"template":"","format":"standard","meta":{"ngg_post_thumbnail":0,"footnotes":""},"categories":[3],"tags":[],"class_list":["post-6977","post","type-post","status-publish","format-standard","hentry","category-ausstellung"],"_links":{"self":[{"href":"https:\/\/www.kunstwerkstatt.at\/wp\/index.php?rest_route=\/wp\/v2\/posts\/6977","targetHints":{"allow":["GET"]}}],"collection":[{"href":"https:\/\/www.kunstwerkstatt.at\/wp\/index.php?rest_route=\/wp\/v2\/posts"}],"about":[{"href":"https:\/\/www.kunstwerkstatt.at\/wp\/index.php?rest_route=\/wp\/v2\/types\/post"}],"author":[{"embeddable":true,"href":"https:\/\/www.kunstwerkstatt.at\/wp\/index.php?rest_route=\/wp\/v2\/users\/2"}],"replies":[{"embeddable":true,"href":"https:\/\/www.kunstwerkstatt.at\/wp\/index.php?rest_route=%2Fwp%2Fv2%2Fcomments&post=6977"}],"version-history":[{"count":5,"href":"https:\/\/www.kunstwerkstatt.at\/wp\/index.php?rest_route=\/wp\/v2\/posts\/6977\/revisions"}],"predecessor-version":[{"id":7181,"href":"https:\/\/www.kunstwerkstatt.at\/wp\/index.php?rest_route=\/wp\/v2\/posts\/6977\/revisions\/7181"}],"wp:attachment":[{"href":"https:\/\/www.kunstwerkstatt.at\/wp\/index.php?rest_route=%2Fwp%2Fv2%2Fmedia&parent=6977"}],"wp:term":[{"taxonomy":"category","embeddable":true,"href":"https:\/\/www.kunstwerkstatt.at\/wp\/index.php?rest_route=%2Fwp%2Fv2%2Fcategories&post=6977"},{"taxonomy":"post_tag","embeddable":true,"href":"https:\/\/www.kunstwerkstatt.at\/wp\/index.php?rest_route=%2Fwp%2Fv2%2Ftags&post=6977"}],"curies":[{"name":"wp","href":"https:\/\/api.w.org\/{rel}","templated":true}]}}