{"id":6980,"date":"2014-02-09T17:08:50","date_gmt":"2014-02-09T16:08:50","guid":{"rendered":"http:\/\/www.kunstwerkstatt.at\/wp\/?p=6980"},"modified":"2017-10-03T10:35:16","modified_gmt":"2017-10-03T09:35:16","slug":"fr-15-sept-19h00-vernissage-peter-neuwirth","status":"publish","type":"post","link":"https:\/\/www.kunstwerkstatt.at\/wp\/?p=6980","title":{"rendered":"laufende Ausstellung | Peter Neuwirth &#8211; skulpturale Malerei"},"content":{"rendered":"<p><a href=\"https:\/\/www.kunstwerkstatt.at\/wp\/wp-content\/uploads\/2016\/12\/scaled.portrait-neuwirth-HP.jpg\"><img loading=\"lazy\" decoding=\"async\" class=\"alignleft size-large wp-image-7035\" src=\"https:\/\/www.kunstwerkstatt.at\/wp\/wp-content\/uploads\/2016\/12\/scaled.portrait-neuwirth-HP-450x149.jpg\" alt=\"scaled.portrait-neuwirth-HP\" width=\"450\" height=\"149\" srcset=\"https:\/\/www.kunstwerkstatt.at\/wp\/wp-content\/uploads\/2016\/12\/scaled.portrait-neuwirth-HP-450x149.jpg 450w, https:\/\/www.kunstwerkstatt.at\/wp\/wp-content\/uploads\/2016\/12\/scaled.portrait-neuwirth-HP-300x99.jpg 300w, https:\/\/www.kunstwerkstatt.at\/wp\/wp-content\/uploads\/2016\/12\/scaled.portrait-neuwirth-HP.jpg 1024w\" sizes=\"auto, (max-width: 450px) 100vw, 450px\" \/><\/a><\/p>\n<p>Vernissage und Buchpr\u00e4sentation<br \/>\n15. September 2017, 19h00<br \/>\nAusstellung bis 1. Oktober \u00d6ffnungszeiten Sa+So 14-18h00<\/p>\n<p>Er\u00f6ffnungsrede: Dr Peter Zawrel<\/p>\n<p><!--more--><\/p>\n<p>Peter Neuwirth:<\/p>\n<p>1952 in Wien geboren, abgeschlossene Goldschmiedeausbildung, Studium an der Hochschule f\u00fcr angewandte Kunst in Wien, lebt und arbeitet in Wien und Nieder\u00f6sterreich. Seit 1977 ist er als freischaffender Maler und Grafiker t\u00e4tig.\u00a0 Zahlreiche Ausstellungen im In- und Ausland und Lehrt\u00e4tigkeiten.<br \/>\nNeuwirth hat ein sehr umfangreiches Werk, welches anf\u00e4nglich gegenst\u00e4ndlich und nach perspektivischen Regeln aufgebaut war und es ist ihm die Zeichnung bis heute ein sehr<br \/>\nwichtiger Bestandteil seiner Arbeit. Im Laufe seiner langj\u00e4hrigen k\u00fcnstlerischen T\u00e4tigkeit hat er sich immer mehr in die Richtung der Abstraktion bewegt.<br \/>\n2008 kam es f\u00fcr ihn zu einem Neuansatz, er entwickelte eine eigenwillige Formensprache, bei der unter anderem die geometrische Form und die \u00fcber den Bildrand gegossene Farbe, ein in den Raum greifendes Objekt entstehen l\u00e4sst. Parallel dazu entstanden zahlreiche Holz- und Metallskulpturen und auch monumentale Wandobjekte.<br \/>\n<a href=\"https:\/\/www.kunstwerkstatt.at\/wp\/wp-content\/uploads\/2016\/12\/KWT_NEUWIRTH_Mail.pdf\">KWT_NEUWIRTH_Mail<\/a><\/p>\n","protected":false},"excerpt":{"rendered":"<p>Vernissage und Buchpr\u00e4sentation 15. September 2017, 19h00 Ausstellung bis 1. Oktober \u00d6ffnungszeiten Sa+So 14-18h00 Er\u00f6ffnungsrede: Dr Peter Zawrel<\/p>\n","protected":false},"author":2,"featured_media":0,"comment_status":"open","ping_status":"closed","sticky":false,"template":"","format":"standard","meta":{"ngg_post_thumbnail":0,"footnotes":""},"categories":[3],"tags":[],"class_list":["post-6980","post","type-post","status-publish","format-standard","hentry","category-ausstellung"],"_links":{"self":[{"href":"https:\/\/www.kunstwerkstatt.at\/wp\/index.php?rest_route=\/wp\/v2\/posts\/6980","targetHints":{"allow":["GET"]}}],"collection":[{"href":"https:\/\/www.kunstwerkstatt.at\/wp\/index.php?rest_route=\/wp\/v2\/posts"}],"about":[{"href":"https:\/\/www.kunstwerkstatt.at\/wp\/index.php?rest_route=\/wp\/v2\/types\/post"}],"author":[{"embeddable":true,"href":"https:\/\/www.kunstwerkstatt.at\/wp\/index.php?rest_route=\/wp\/v2\/users\/2"}],"replies":[{"embeddable":true,"href":"https:\/\/www.kunstwerkstatt.at\/wp\/index.php?rest_route=%2Fwp%2Fv2%2Fcomments&post=6980"}],"version-history":[{"count":5,"href":"https:\/\/www.kunstwerkstatt.at\/wp\/index.php?rest_route=\/wp\/v2\/posts\/6980\/revisions"}],"predecessor-version":[{"id":7213,"href":"https:\/\/www.kunstwerkstatt.at\/wp\/index.php?rest_route=\/wp\/v2\/posts\/6980\/revisions\/7213"}],"wp:attachment":[{"href":"https:\/\/www.kunstwerkstatt.at\/wp\/index.php?rest_route=%2Fwp%2Fv2%2Fmedia&parent=6980"}],"wp:term":[{"taxonomy":"category","embeddable":true,"href":"https:\/\/www.kunstwerkstatt.at\/wp\/index.php?rest_route=%2Fwp%2Fv2%2Fcategories&post=6980"},{"taxonomy":"post_tag","embeddable":true,"href":"https:\/\/www.kunstwerkstatt.at\/wp\/index.php?rest_route=%2Fwp%2Fv2%2Ftags&post=6980"}],"curies":[{"name":"wp","href":"https:\/\/api.w.org\/{rel}","templated":true}]}}