{"id":709,"date":"2009-02-02T23:47:24","date_gmt":"2009-02-02T22:47:24","guid":{"rendered":"http:\/\/www.kunstwerkstatt.at\/wp\/?p=709"},"modified":"2009-03-13T17:39:17","modified_gmt":"2009-03-13T16:39:17","slug":"tsatsiki-connection-und-andi-baum","status":"publish","type":"post","link":"https:\/\/www.kunstwerkstatt.at\/wp\/?p=709","title":{"rendered":"Tsatsiki Connection und Andi Baum"},"content":{"rendered":"<p><a title=\"Tsatsiki Connection und Andi Baum von Kunstwerkstatt bei Flickr\" href=\"http:\/\/www.flickr.com\/photos\/27930795@N04\/3348999445\/\"><img decoding=\"async\" src=\"http:\/\/farm4.static.flickr.com\/3563\/3348999445_bc592dd93a_b.jpg\" alt=\"Tsatsiki Connection und Andi Baum\" width=\"450\" \/><\/a><\/p>\n<p>Konzert am 15. J\u00e4nner 2009.<\/p>\n<p>Ein saukalter Tag, an dem sich nichtmal die Hunde vor die T\u00fcr wagten. Dementsprechend kamen leider auch nur wenige Mutige in die Kunstwerkstatt. Die lie\u00dfen sich daf\u00fcr aber dann so richtig das Herz von der Mischung aus worldmusic, griechischen Kl\u00e4ngen und Austropop auf Sirtaki erw\u00e4rmen. Ein tolles Cross over!<\/p>\n<p><a href=\"http:\/\/www.flickr.com\/photos\/27930795@N04\/sets\/72157615079752689\/\">Mehr Fotos!<\/a><\/p>\n","protected":false},"excerpt":{"rendered":"<p>Konzert am 15. J\u00e4nner 2009. Ein saukalter Tag, an dem sich nichtmal die Hunde vor die T\u00fcr wagten. Dementsprechend kamen&hellip;<\/p>\n","protected":false},"author":4,"featured_media":0,"comment_status":"open","ping_status":"closed","sticky":false,"template":"","format":"standard","meta":{"ngg_post_thumbnail":0,"footnotes":""},"categories":[5,8],"tags":[],"class_list":["post-709","post","type-post","status-publish","format-standard","hentry","category-fotos","category-konzert"],"_links":{"self":[{"href":"https:\/\/www.kunstwerkstatt.at\/wp\/index.php?rest_route=\/wp\/v2\/posts\/709","targetHints":{"allow":["GET"]}}],"collection":[{"href":"https:\/\/www.kunstwerkstatt.at\/wp\/index.php?rest_route=\/wp\/v2\/posts"}],"about":[{"href":"https:\/\/www.kunstwerkstatt.at\/wp\/index.php?rest_route=\/wp\/v2\/types\/post"}],"author":[{"embeddable":true,"href":"https:\/\/www.kunstwerkstatt.at\/wp\/index.php?rest_route=\/wp\/v2\/users\/4"}],"replies":[{"embeddable":true,"href":"https:\/\/www.kunstwerkstatt.at\/wp\/index.php?rest_route=%2Fwp%2Fv2%2Fcomments&post=709"}],"version-history":[{"count":4,"href":"https:\/\/www.kunstwerkstatt.at\/wp\/index.php?rest_route=\/wp\/v2\/posts\/709\/revisions"}],"predecessor-version":[{"id":712,"href":"https:\/\/www.kunstwerkstatt.at\/wp\/index.php?rest_route=\/wp\/v2\/posts\/709\/revisions\/712"}],"wp:attachment":[{"href":"https:\/\/www.kunstwerkstatt.at\/wp\/index.php?rest_route=%2Fwp%2Fv2%2Fmedia&parent=709"}],"wp:term":[{"taxonomy":"category","embeddable":true,"href":"https:\/\/www.kunstwerkstatt.at\/wp\/index.php?rest_route=%2Fwp%2Fv2%2Fcategories&post=709"},{"taxonomy":"post_tag","embeddable":true,"href":"https:\/\/www.kunstwerkstatt.at\/wp\/index.php?rest_route=%2Fwp%2Fv2%2Ftags&post=709"}],"curies":[{"name":"wp","href":"https:\/\/api.w.org\/{rel}","templated":true}]}}