{"id":7954,"date":"2014-07-03T11:46:50","date_gmt":"2014-07-03T10:46:50","guid":{"rendered":"http:\/\/www.kunstwerkstatt.at\/wp\/?p=7954"},"modified":"2019-06-16T20:56:53","modified_gmt":"2019-06-16T19:56:53","slug":"sa-8-juni-20h00-change-single-release-party-von-alpine-dweller-mit-david-howald","status":"publish","type":"post","link":"https:\/\/www.kunstwerkstatt.at\/wp\/?p=7954","title":{"rendered":"Sa 8. Juni 20h00 &#8222;Change&#8220; \u2013 Single Release-Party von Alpine Dweller mit David Howald"},"content":{"rendered":"<p><a href=\"https:\/\/www.kunstwerkstatt.at\/wp\/wp-content\/uploads\/2019\/04\/Felix-Hohagen-singlerelease_change-HPkl.jpg\"><img loading=\"lazy\" decoding=\"async\" class=\"alignleft size-full wp-image-7955\" src=\"https:\/\/www.kunstwerkstatt.at\/wp\/wp-content\/uploads\/2019\/04\/Felix-Hohagen-singlerelease_change-HPkl.jpg\" alt=\"Felix-Hohagen-singlerelease_change-HPkl\" width=\"450\" height=\"150\" srcset=\"https:\/\/www.kunstwerkstatt.at\/wp\/wp-content\/uploads\/2019\/04\/Felix-Hohagen-singlerelease_change-HPkl.jpg 450w, https:\/\/www.kunstwerkstatt.at\/wp\/wp-content\/uploads\/2019\/04\/Felix-Hohagen-singlerelease_change-HPkl-300x100.jpg 300w\" sizes=\"auto, (max-width: 450px) 100vw, 450px\" \/><\/a>Beginn 18:00<br \/>\nBeginn der Konzerte 20.00<br \/>\nEintritt: 5\u20ac<\/p>\n<p>&#8222;Change&#8220; \u2013 Single Release-Party von Alpine Dweller mit David Howald<\/p>\n<p>\u2600\ufe0e\u2600\ufe0e\u2600\ufe0e ALPINE DWELLER&#8217;S SINGLE RELEASE PARTY! \u2600\ufe0e\u2600\ufe0e\u2600\ufe0e<br class=\"\" \/>Nachmittags wird gegrillt, abends gibts Musik und dazwischen kann man sich Gemaltes anschauen \ud83d\ude42<br \/>\n<!--more--><br class=\"\" \/><a class=\"\" href=\"https:\/\/www.facebook.com\/Reboundhowald\/\" target=\"_blank\">David Howald<\/a>s Version von Rockmusik ist w\u00fctend und feierlich, traurig und oft ein wenig grotesk, so als w\u00fcrden Nina Simone und Vic Chesnutt die Aufzeichnungen des Malte Laurids Brigge im Duett vortragen.<br class=\"\" \/>Aktuell lebt und arbeitet Howald in Wien. Zuletzt erschien im September 2017 sein Album \u201cThe Double\u201d. <br class=\"\" \/><br class=\"\" \/>Kostprobe: <a class=\"\" href=\"https:\/\/www.youtube.com\/watch?v=27YoMMUmqxk&amp;fbclid=IwAR2av_ZxyoaJXv1KksvyemPAQndNL1p9S_C12EGkx34nRufpbtfp7qWvoHg\" target=\"_blank\" rel=\"nofollow noopener\" data-lynx-mode=\"hover\" data-lynx-uri=\"https:\/\/l.facebook.com\/l.php?u=https%3A%2F%2Fwww.youtube.com%2Fwatch%3Fv%3D27YoMMUmqxk%26fbclid%3DIwAR2av_ZxyoaJXv1KksvyemPAQndNL1p9S_C12EGkx34nRufpbtfp7qWvoHg&amp;h=AT1s1AYnkNa7tBG3NzeXd8G33m6eWPVpC_1PY2BmASI53REz28jAq7wN_EmZ_Qmae1DxvjLLTS0mAIqqe7PXbdvLug8eTI4t24pjKZFSCy-6knu1v69fohqtYhML5ZCQnIDyen6R-Q\">https:\/\/www.youtube.com\/watch?v=27YoMMUmqxk<\/a><br class=\"\" \/><br class=\"\" \/><a class=\"\" href=\"https:\/\/www.facebook.com\/thealpinedweller\/\" target=\"_blank\">ALPINE DWELLER<\/a><br class=\"\" \/>Cello, Viola, Harfe, Gitarre, Ukulele, Maultrommel und drei Stimmen verschmelzen f\u00fcr den Zeitraum der Inszenierung zu einem Ganzen. Die Interpretation ist f\u00fcr den Moment an Ort und Zeit gebunden und davon auch nicht wieder l\u00f6sbar. Dieses Projekt stellt ein Modell dar, in dem Musik und Auff\u00fchrungsart unter zeitgen\u00f6ssischen Bedingungen jeder nur m\u00f6glichen Wandlung ausgesetzt werden k\u00f6nnen, ohne an ihrer grundlegenden Bedeutung zu verlieren.<br class=\"\" \/><br class=\"\" \/>Das Musikvideo zur Single &#8222;Change&#8220; stellt eine gravierende Umgestaltung dar, die die bestehende Situation im Gro\u00dfen und Ganzen wider der Erwartung jedoch nicht wirklich ver\u00e4ndert. Viele tiefe und flache Interpretationsm\u00f6glichkeiten finden Raum in dem audiovisuellen Werk. Regief\u00fchrung: Matthias Schinnerl und Jakob Schweighardt.<br class=\"\" \/><br class=\"\" \/>Musiksnack: <a class=\"\" href=\"https:\/\/www.youtube.com\/watch?v=7tj-hArKcrI&amp;fbclid=IwAR0eAkBgZyE2OKeIcmuJ3Y3fQW4njYc4TDCsUvbUsLBleTPPpBgkrO5eRdM\" target=\"_blank\" rel=\"nofollow noopener\" data-lynx-mode=\"hover\" data-lynx-uri=\"https:\/\/l.facebook.com\/l.php?u=https%3A%2F%2Fwww.youtube.com%2Fwatch%3Fv%3D7tj-hArKcrI%26fbclid%3DIwAR0eAkBgZyE2OKeIcmuJ3Y3fQW4njYc4TDCsUvbUsLBleTPPpBgkrO5eRdM&amp;h=AT3wOe4IOFS8FfyberDs0II8X6SiIF7dEHrRGma0d5f89q7NVtULnA6a__iI32Voxj_Df3v4HCCTNXupgmQxWK-epnhwtyRntqKXglThCHkXZeoPMTxiZHTCnianaUrCCiYloq-Cyg\">https:\/\/www.youtube.com\/watch?v=7tj-hArKcrI<\/a> <br class=\"\" \/><br class=\"\" \/>Mit freundlicher Unterst\u00fctzung durch \u00d6MF-Toursupport<br class=\"\" \/>&amp; <a class=\"\" href=\"https:\/\/www.facebook.com\/daistwaslos\/\" target=\"_blank\">Raiffeisen Club N\u00d6-Wien<\/a><br class=\"\" \/><br class=\"\" \/>Es wird gro\u00dfartig und klangvoll, es wird gem\u00fctlich und es wird Tzatziki geben!<br class=\"\" \/>Wir sehen uns im Sommer \u2600\ufe0e<\/p>\n","protected":false},"excerpt":{"rendered":"<p>Beginn 18:00 Beginn der Konzerte 20.00 Eintritt: 5\u20ac &#8222;Change&#8220; \u2013 Single Release-Party von Alpine Dweller mit David Howald \u2600\ufe0e\u2600\ufe0e\u2600\ufe0e ALPINE&hellip;<\/p>\n","protected":false},"author":2,"featured_media":0,"comment_status":"open","ping_status":"closed","sticky":false,"template":"","format":"standard","meta":{"ngg_post_thumbnail":0,"footnotes":""},"categories":[3,8,12],"tags":[],"class_list":["post-7954","post","type-post","status-publish","format-standard","hentry","category-ausstellung","category-konzert","category-performances"],"_links":{"self":[{"href":"https:\/\/www.kunstwerkstatt.at\/wp\/index.php?rest_route=\/wp\/v2\/posts\/7954","targetHints":{"allow":["GET"]}}],"collection":[{"href":"https:\/\/www.kunstwerkstatt.at\/wp\/index.php?rest_route=\/wp\/v2\/posts"}],"about":[{"href":"https:\/\/www.kunstwerkstatt.at\/wp\/index.php?rest_route=\/wp\/v2\/types\/post"}],"author":[{"embeddable":true,"href":"https:\/\/www.kunstwerkstatt.at\/wp\/index.php?rest_route=\/wp\/v2\/users\/2"}],"replies":[{"embeddable":true,"href":"https:\/\/www.kunstwerkstatt.at\/wp\/index.php?rest_route=%2Fwp%2Fv2%2Fcomments&post=7954"}],"version-history":[{"count":2,"href":"https:\/\/www.kunstwerkstatt.at\/wp\/index.php?rest_route=\/wp\/v2\/posts\/7954\/revisions"}],"predecessor-version":[{"id":7969,"href":"https:\/\/www.kunstwerkstatt.at\/wp\/index.php?rest_route=\/wp\/v2\/posts\/7954\/revisions\/7969"}],"wp:attachment":[{"href":"https:\/\/www.kunstwerkstatt.at\/wp\/index.php?rest_route=%2Fwp%2Fv2%2Fmedia&parent=7954"}],"wp:term":[{"taxonomy":"category","embeddable":true,"href":"https:\/\/www.kunstwerkstatt.at\/wp\/index.php?rest_route=%2Fwp%2Fv2%2Fcategories&post=7954"},{"taxonomy":"post_tag","embeddable":true,"href":"https:\/\/www.kunstwerkstatt.at\/wp\/index.php?rest_route=%2Fwp%2Fv2%2Ftags&post=7954"}],"curies":[{"name":"wp","href":"https:\/\/api.w.org\/{rel}","templated":true}]}}