{"id":8015,"date":"2014-10-17T23:35:06","date_gmt":"2014-10-17T22:35:06","guid":{"rendered":"http:\/\/www.kunstwerkstatt.at\/wp\/?p=8015"},"modified":"2019-10-07T13:57:39","modified_gmt":"2019-10-07T12:57:39","slug":"mi-2-okt-workshop-tagtool-19-2200h","status":"publish","type":"post","link":"https:\/\/www.kunstwerkstatt.at\/wp\/?p=8015","title":{"rendered":"Mi 2. Okt. Workshop Tagtool 19-22:00h"},"content":{"rendered":"<p><a href=\"https:\/\/www.kunstwerkstatt.at\/wp\/wp-content\/uploads\/2019\/05\/Lichtmalen-mit-Tagtool_HP.jpg\"><img loading=\"lazy\" decoding=\"async\" class=\"alignleft size-large wp-image-8016\" src=\"https:\/\/www.kunstwerkstatt.at\/wp\/wp-content\/uploads\/2019\/05\/Lichtmalen-mit-Tagtool_HP-450x150.jpg\" alt=\"Lichtmalen mit Tagtool_HP\" width=\"450\" height=\"150\" srcset=\"https:\/\/www.kunstwerkstatt.at\/wp\/wp-content\/uploads\/2019\/05\/Lichtmalen-mit-Tagtool_HP-450x150.jpg 450w, https:\/\/www.kunstwerkstatt.at\/wp\/wp-content\/uploads\/2019\/05\/Lichtmalen-mit-Tagtool_HP-300x100.jpg 300w\" sizes=\"auto, (max-width: 450px) 100vw, 450px\" \/><\/a><\/p>\n<p>Lerne und vertiefe Tagtool! Auf iPads werden im Team Zeichnungen erstellt, animiert und live \u00fcber einen Projektor vorgef\u00fchrt. Erfahrene K\u00fcnstler erkl\u00e4ren die einfache und intuitive Bedienung von Tagtool und laden zum gemeinsamen malen ein.<br \/>\nKeine Anmeldung erforderlich und freier Eintritt.<\/p>\n<p>&nbsp;<\/p>\n<p>Vielen Dank f\u00fcr die Unterst\u00fctzung\u00a0durch den N\u00d6 Ideenwettbewerb 2019!<\/p>\n<p><img loading=\"lazy\" decoding=\"async\" class=\"alignleft wp-image-8250 size-medium\" src=\"https:\/\/www.kunstwerkstatt.at\/wp\/wp-content\/uploads\/2008\/06\/Screenshot-2019-08-28-at-21.41.11-300x190.png\" alt=\"Screenshot 2019-08-28 at 21.41.11\" width=\"300\" height=\"190\" srcset=\"https:\/\/www.kunstwerkstatt.at\/wp\/wp-content\/uploads\/2008\/06\/Screenshot-2019-08-28-at-21.41.11-300x190.png 300w, https:\/\/www.kunstwerkstatt.at\/wp\/wp-content\/uploads\/2008\/06\/Screenshot-2019-08-28-at-21.41.11-450x285.png 450w, https:\/\/www.kunstwerkstatt.at\/wp\/wp-content\/uploads\/2008\/06\/Screenshot-2019-08-28-at-21.41.11.png 952w\" sizes=\"auto, (max-width: 300px) 100vw, 300px\" \/><\/p>\n<p>&nbsp;<\/p>\n<p>&nbsp;<\/p>\n<p>&nbsp;<\/p>\n<p>&nbsp;<\/p>\n<p>&nbsp;<\/p>\n<p>&nbsp;<\/p>\n<p>&nbsp;<\/p>\n","protected":false},"excerpt":{"rendered":"<p>Lerne und vertiefe Tagtool! Auf iPads werden im Team Zeichnungen erstellt, animiert und live \u00fcber einen Projektor vorgef\u00fchrt. Erfahrene K\u00fcnstler&hellip;<\/p>\n","protected":false},"author":2,"featured_media":0,"comment_status":"open","ping_status":"closed","sticky":false,"template":"","format":"standard","meta":{"ngg_post_thumbnail":0,"footnotes":""},"categories":[10,12,15],"tags":[],"class_list":["post-8015","post","type-post","status-publish","format-standard","hentry","category-new-media","category-performances","category-workshop"],"_links":{"self":[{"href":"https:\/\/www.kunstwerkstatt.at\/wp\/index.php?rest_route=\/wp\/v2\/posts\/8015","targetHints":{"allow":["GET"]}}],"collection":[{"href":"https:\/\/www.kunstwerkstatt.at\/wp\/index.php?rest_route=\/wp\/v2\/posts"}],"about":[{"href":"https:\/\/www.kunstwerkstatt.at\/wp\/index.php?rest_route=\/wp\/v2\/types\/post"}],"author":[{"embeddable":true,"href":"https:\/\/www.kunstwerkstatt.at\/wp\/index.php?rest_route=\/wp\/v2\/users\/2"}],"replies":[{"embeddable":true,"href":"https:\/\/www.kunstwerkstatt.at\/wp\/index.php?rest_route=%2Fwp%2Fv2%2Fcomments&post=8015"}],"version-history":[{"count":7,"href":"https:\/\/www.kunstwerkstatt.at\/wp\/index.php?rest_route=\/wp\/v2\/posts\/8015\/revisions"}],"predecessor-version":[{"id":8260,"href":"https:\/\/www.kunstwerkstatt.at\/wp\/index.php?rest_route=\/wp\/v2\/posts\/8015\/revisions\/8260"}],"wp:attachment":[{"href":"https:\/\/www.kunstwerkstatt.at\/wp\/index.php?rest_route=%2Fwp%2Fv2%2Fmedia&parent=8015"}],"wp:term":[{"taxonomy":"category","embeddable":true,"href":"https:\/\/www.kunstwerkstatt.at\/wp\/index.php?rest_route=%2Fwp%2Fv2%2Fcategories&post=8015"},{"taxonomy":"post_tag","embeddable":true,"href":"https:\/\/www.kunstwerkstatt.at\/wp\/index.php?rest_route=%2Fwp%2Fv2%2Ftags&post=8015"}],"curies":[{"name":"wp","href":"https:\/\/api.w.org\/{rel}","templated":true}]}}