{"id":8029,"date":"2014-10-21T13:15:29","date_gmt":"2014-10-21T12:15:29","guid":{"rendered":"http:\/\/www.kunstwerkstatt.at\/wp\/?p=8029"},"modified":"2019-11-02T12:16:00","modified_gmt":"2019-11-02T11:16:00","slug":"do-31-okt-20h00-jazzkonzert-mit-bluemank-aus-dem-tullnerfeld","status":"publish","type":"post","link":"https:\/\/www.kunstwerkstatt.at\/wp\/?p=8029","title":{"rendered":"Do 31. Okt 20h00 JazzKonzert mit BlueMANK aus dem Tullnerfeld"},"content":{"rendered":"<p><a href=\"https:\/\/www.kunstwerkstatt.at\/wp\/wp-content\/uploads\/2016\/10\/Piano2-hp.jpg\"><img loading=\"lazy\" decoding=\"async\" class=\"alignleft size-full wp-image-8037\" src=\"https:\/\/www.kunstwerkstatt.at\/wp\/wp-content\/uploads\/2016\/10\/Piano2-hp.jpg\" alt=\"Piano2-hp\" width=\"296\" height=\"99\" \/><\/a>Tullnerfelder Jazz<br \/>\nMax Pfeifer (dr), Andi Eckerl (ts,as), Niki S\u00fc\u00df (b), Klaus S\u00fc\u00df (p)<br \/>\nJazz + Pr\u00e4sentation eines neuen R\u00e4tselkalenders<\/p>\n<p>VVK: 15\u20ac AK: 18\u20ac, KWT-Mitglieder und Sch\u00fcler: 12\u20ac<!--more--><\/p>\n<p><a href=\"https:\/\/www.kunstwerkstatt.at\/wp\/wp-content\/uploads\/2016\/10\/scaled.P1150201.jpg\"><img loading=\"lazy\" decoding=\"async\" class=\"alignleft size-large wp-image-8317\" src=\"https:\/\/www.kunstwerkstatt.at\/wp\/wp-content\/uploads\/2016\/10\/scaled.P1150201-450x716.jpg\" alt=\"scaled.P1150201\" width=\"450\" height=\"716\" srcset=\"https:\/\/www.kunstwerkstatt.at\/wp\/wp-content\/uploads\/2016\/10\/scaled.P1150201-450x716.jpg 450w, https:\/\/www.kunstwerkstatt.at\/wp\/wp-content\/uploads\/2016\/10\/scaled.P1150201-188x300.jpg 188w, https:\/\/www.kunstwerkstatt.at\/wp\/wp-content\/uploads\/2016\/10\/scaled.P1150201.jpg 1024w\" sizes=\"auto, (max-width: 450px) 100vw, 450px\" \/><\/a><\/p>\n","protected":false},"excerpt":{"rendered":"<p>Tullnerfelder Jazz Max Pfeifer (dr), Andi Eckerl (ts,as), Niki S\u00fc\u00df (b), Klaus S\u00fc\u00df (p) Jazz + Pr\u00e4sentation eines neuen R\u00e4tselkalenders&hellip;<\/p>\n","protected":false},"author":2,"featured_media":0,"comment_status":"open","ping_status":"closed","sticky":false,"template":"","format":"standard","meta":{"ngg_post_thumbnail":0,"footnotes":""},"categories":[8],"tags":[],"class_list":["post-8029","post","type-post","status-publish","format-standard","hentry","category-konzert"],"_links":{"self":[{"href":"https:\/\/www.kunstwerkstatt.at\/wp\/index.php?rest_route=\/wp\/v2\/posts\/8029","targetHints":{"allow":["GET"]}}],"collection":[{"href":"https:\/\/www.kunstwerkstatt.at\/wp\/index.php?rest_route=\/wp\/v2\/posts"}],"about":[{"href":"https:\/\/www.kunstwerkstatt.at\/wp\/index.php?rest_route=\/wp\/v2\/types\/post"}],"author":[{"embeddable":true,"href":"https:\/\/www.kunstwerkstatt.at\/wp\/index.php?rest_route=\/wp\/v2\/users\/2"}],"replies":[{"embeddable":true,"href":"https:\/\/www.kunstwerkstatt.at\/wp\/index.php?rest_route=%2Fwp%2Fv2%2Fcomments&post=8029"}],"version-history":[{"count":7,"href":"https:\/\/www.kunstwerkstatt.at\/wp\/index.php?rest_route=\/wp\/v2\/posts\/8029\/revisions"}],"predecessor-version":[{"id":8318,"href":"https:\/\/www.kunstwerkstatt.at\/wp\/index.php?rest_route=\/wp\/v2\/posts\/8029\/revisions\/8318"}],"wp:attachment":[{"href":"https:\/\/www.kunstwerkstatt.at\/wp\/index.php?rest_route=%2Fwp%2Fv2%2Fmedia&parent=8029"}],"wp:term":[{"taxonomy":"category","embeddable":true,"href":"https:\/\/www.kunstwerkstatt.at\/wp\/index.php?rest_route=%2Fwp%2Fv2%2Fcategories&post=8029"},{"taxonomy":"post_tag","embeddable":true,"href":"https:\/\/www.kunstwerkstatt.at\/wp\/index.php?rest_route=%2Fwp%2Fv2%2Ftags&post=8029"}],"curies":[{"name":"wp","href":"https:\/\/api.w.org\/{rel}","templated":true}]}}