{"id":8212,"date":"2014-10-15T12:35:23","date_gmt":"2014-10-15T11:35:23","guid":{"rendered":"http:\/\/www.kunstwerkstatt.at\/wp\/?p=8212"},"modified":"2019-10-07T13:57:50","modified_gmt":"2019-10-07T12:57:50","slug":"4-opt-donaudichten","status":"publish","type":"post","link":"https:\/\/www.kunstwerkstatt.at\/wp\/?p=8212","title":{"rendered":"fr 4. okt Donaudichten by FOMP"},"content":{"rendered":"<p><a href=\"https:\/\/www.kunstwerkstatt.at\/wp\/wp-content\/uploads\/2019\/01\/Screenshot-2019-01-28-at-10.38.33.png\"><img loading=\"lazy\" decoding=\"async\" class=\"alignleft size-large wp-image-7853\" src=\"https:\/\/www.kunstwerkstatt.at\/wp\/wp-content\/uploads\/2019\/01\/Screenshot-2019-01-28-at-10.38.33-450x233.png\" alt=\"Screenshot 2019-01-28 at 10.38.33\" width=\"450\" height=\"233\" srcset=\"https:\/\/www.kunstwerkstatt.at\/wp\/wp-content\/uploads\/2019\/01\/Screenshot-2019-01-28-at-10.38.33-450x233.png 450w, https:\/\/www.kunstwerkstatt.at\/wp\/wp-content\/uploads\/2019\/01\/Screenshot-2019-01-28-at-10.38.33-300x155.png 300w, https:\/\/www.kunstwerkstatt.at\/wp\/wp-content\/uploads\/2019\/01\/Screenshot-2019-01-28-at-10.38.33.png 950w\" sizes=\"auto, (max-width: 450px) 100vw, 450px\" \/><\/a><\/p>\n<p><strong>Beste Wortkunst aus Stadt, Land und Donau.<\/strong><br \/>\nBeginn 20:00 (Einlass ab 19:30)<br \/>\nEintritt: 11\u20ac (regul\u00e4r) 8\u20ac (erm\u00e4\u00dfigt)<br \/>\n+ WORKSHOP<\/p>\n<p><span style=\"color: #ffffff;\">.<\/span><br \/>\nPoetry Slam ist moderne Poesie und Performance. Ob zum Lachen oder Tr\u00e4umen, zum Genie\u00dfen oder Ausrasten. F\u00fcnf Minuten B\u00fchnenzeit f\u00fcr selbst verfasste Texte. Alle Textsorten sind willkommen, der Art des Vortrags keine Grenzen gesetzt. Requisiten gibt\u2019s keine. Das Publikum ist die Jury. Ihr seid das Publikum \u2013 herzlich willkommen!<br \/>\nMitmachen beim Poetry Slam:<\/p>\n<p>&nbsp;<\/p>\n<p><!--more--><\/p>\n<p>Donaudichten ist ein Poetry Slam mit geladenen Slammerinnen und Slammern aus dem gesamten deutschsprachigen Raum. Und gerne mit dir. Wenn du mit deinem Text an das Mikro willst, dann wollen wir das auch.<\/p>\n<p><strong>Workshop um 16:00-18:00 in der KWT<br \/>\n<\/strong>am Nachmittag des Veranstaltungstages bieten wir einen kostenlosen Workshop an. Zum kreativen Austausch, zum Schreiben, zum Feilen an Texten, zum Kennenlernen. Geleitet vom Tullner Stammmoderator und \u00d6sterreichischen Poetry Slam Meister Jonas Scheiner.<\/p>\n<p>Anmeldungen f\u00fcr Slam\/Workshop bitte bis einen Tag vor der Veranstaltung an contact@fomp.eu<\/p>\n","protected":false},"excerpt":{"rendered":"<p>Beste Wortkunst aus Stadt, Land und Donau. Beginn 20:00 (Einlass ab 19:30) Eintritt: 11\u20ac (regul\u00e4r) 8\u20ac (erm\u00e4\u00dfigt) + WORKSHOP .&hellip;<\/p>\n","protected":false},"author":2,"featured_media":0,"comment_status":"open","ping_status":"closed","sticky":false,"template":"","format":"standard","meta":{"ngg_post_thumbnail":0,"footnotes":""},"categories":[10,12,15],"tags":[],"class_list":["post-8212","post","type-post","status-publish","format-standard","hentry","category-new-media","category-performances","category-workshop"],"_links":{"self":[{"href":"https:\/\/www.kunstwerkstatt.at\/wp\/index.php?rest_route=\/wp\/v2\/posts\/8212","targetHints":{"allow":["GET"]}}],"collection":[{"href":"https:\/\/www.kunstwerkstatt.at\/wp\/index.php?rest_route=\/wp\/v2\/posts"}],"about":[{"href":"https:\/\/www.kunstwerkstatt.at\/wp\/index.php?rest_route=\/wp\/v2\/types\/post"}],"author":[{"embeddable":true,"href":"https:\/\/www.kunstwerkstatt.at\/wp\/index.php?rest_route=\/wp\/v2\/users\/2"}],"replies":[{"embeddable":true,"href":"https:\/\/www.kunstwerkstatt.at\/wp\/index.php?rest_route=%2Fwp%2Fv2%2Fcomments&post=8212"}],"version-history":[{"count":5,"href":"https:\/\/www.kunstwerkstatt.at\/wp\/index.php?rest_route=\/wp\/v2\/posts\/8212\/revisions"}],"predecessor-version":[{"id":8304,"href":"https:\/\/www.kunstwerkstatt.at\/wp\/index.php?rest_route=\/wp\/v2\/posts\/8212\/revisions\/8304"}],"wp:attachment":[{"href":"https:\/\/www.kunstwerkstatt.at\/wp\/index.php?rest_route=%2Fwp%2Fv2%2Fmedia&parent=8212"}],"wp:term":[{"taxonomy":"category","embeddable":true,"href":"https:\/\/www.kunstwerkstatt.at\/wp\/index.php?rest_route=%2Fwp%2Fv2%2Fcategories&post=8212"},{"taxonomy":"post_tag","embeddable":true,"href":"https:\/\/www.kunstwerkstatt.at\/wp\/index.php?rest_route=%2Fwp%2Fv2%2Ftags&post=8212"}],"curies":[{"name":"wp","href":"https:\/\/api.w.org\/{rel}","templated":true}]}}