{"id":8322,"date":"2014-11-13T23:23:22","date_gmt":"2014-11-13T22:23:22","guid":{"rendered":"http:\/\/www.kunstwerkstatt.at\/wp\/?p=8322"},"modified":"2020-08-07T10:57:02","modified_gmt":"2020-08-07T09:57:02","slug":"sa-18-april-kabarett-achtung-schwarzer-humor-mit-soso-mugiraneza","status":"publish","type":"post","link":"https:\/\/www.kunstwerkstatt.at\/wp\/?p=8322","title":{"rendered":"Kabarett: Soso Mugiraneza (verschoben)"},"content":{"rendered":"\n<p>Soso Mugiraneza ist in Burundi geboren und kam als Fl\u00fcchtling nach \u00d6sterreich. Als Mensch afrikanischer Herkunft erlebt er viele Herausforderungen im Leben. Humor sieht Soso als eine Art Therapie f\u00fcr das Erlebte.<\/p>\n\n\n<p><strong>Urspr\u00fcnglich 18. April 2020<\/strong><\/p>\n<p>Er k\u00f6nnte nat\u00fcrlich auch in die Kirche gehen und beten, aber Gott scheint zu besch\u00e4ftigt zu sein, um ihn anzuh\u00f6ren. Sich politisch zu engagieren, ist Soso zu aufw\u00e4ndig und w\u00fcrde sowieso nix bringen. Stattdessen geht Soso lieber mit einer ordentlichen Portion Humor an seine Probleme heran und versucht es auf afrikanische Weise easy zu nehmen. So lacht er auf der B\u00fchne lieber \u00fcber die Sachen, die ihn kaputt machen k\u00f6nnten, bevor sie ihn tats\u00e4chlich kaputt machen. Soso ist der Meinung, \u201eJe mehr Grenzen man sich setzt, hinsichtlich der Themen \u00fcber die man lachen darf, desto n\u00e4her r\u00fcckt der Termin beim Therapeuten.\u201c<\/p>\n<p>&nbsp;<\/p>\n<p>VK: 18, AK: 20, KWT-MG: 15<\/p>","protected":false},"excerpt":{"rendered":"<p>Soso Mugiraneza ist in Burundi geboren und kam als Fl\u00fcchtling nach \u00d6sterreich. Als Mensch afrikanischer Herkunft erlebt er viele Herausforderungen&hellip;<\/p>\n","protected":false},"author":2,"featured_media":8446,"comment_status":"open","ping_status":"closed","sticky":false,"template":"","format":"standard","meta":{"ngg_post_thumbnail":0,"footnotes":""},"categories":[6,13],"tags":[],"class_list":["post-8322","post","type-post","status-publish","format-standard","has-post-thumbnail","hentry","category-kabarett","category-theater"],"_links":{"self":[{"href":"https:\/\/www.kunstwerkstatt.at\/wp\/index.php?rest_route=\/wp\/v2\/posts\/8322","targetHints":{"allow":["GET"]}}],"collection":[{"href":"https:\/\/www.kunstwerkstatt.at\/wp\/index.php?rest_route=\/wp\/v2\/posts"}],"about":[{"href":"https:\/\/www.kunstwerkstatt.at\/wp\/index.php?rest_route=\/wp\/v2\/types\/post"}],"author":[{"embeddable":true,"href":"https:\/\/www.kunstwerkstatt.at\/wp\/index.php?rest_route=\/wp\/v2\/users\/2"}],"replies":[{"embeddable":true,"href":"https:\/\/www.kunstwerkstatt.at\/wp\/index.php?rest_route=%2Fwp%2Fv2%2Fcomments&post=8322"}],"version-history":[{"count":9,"href":"https:\/\/www.kunstwerkstatt.at\/wp\/index.php?rest_route=\/wp\/v2\/posts\/8322\/revisions"}],"predecessor-version":[{"id":9042,"href":"https:\/\/www.kunstwerkstatt.at\/wp\/index.php?rest_route=\/wp\/v2\/posts\/8322\/revisions\/9042"}],"wp:featuredmedia":[{"embeddable":true,"href":"https:\/\/www.kunstwerkstatt.at\/wp\/index.php?rest_route=\/wp\/v2\/media\/8446"}],"wp:attachment":[{"href":"https:\/\/www.kunstwerkstatt.at\/wp\/index.php?rest_route=%2Fwp%2Fv2%2Fmedia&parent=8322"}],"wp:term":[{"taxonomy":"category","embeddable":true,"href":"https:\/\/www.kunstwerkstatt.at\/wp\/index.php?rest_route=%2Fwp%2Fv2%2Fcategories&post=8322"},{"taxonomy":"post_tag","embeddable":true,"href":"https:\/\/www.kunstwerkstatt.at\/wp\/index.php?rest_route=%2Fwp%2Fv2%2Ftags&post=8322"}],"curies":[{"name":"wp","href":"https:\/\/api.w.org\/{rel}","templated":true}]}}