{"id":8332,"date":"2014-10-22T12:20:22","date_gmt":"2014-10-22T11:20:22","guid":{"rendered":"http:\/\/www.kunstwerkstatt.at\/wp\/?p=8332"},"modified":"2019-11-16T14:29:11","modified_gmt":"2019-11-16T13:29:11","slug":"so-10-november-11h00-stoffels-kleine-laterne","status":"publish","type":"post","link":"https:\/\/www.kunstwerkstatt.at\/wp\/?p=8332","title":{"rendered":"so 10. november 11h00 \u201eStoffels kleine Laterne\u201c"},"content":{"rendered":"<p><a href=\"https:\/\/www.kunstwerkstatt.at\/wp\/wp-content\/uploads\/2014\/09\/3.png\"><img loading=\"lazy\" decoding=\"async\" class=\"alignleft size-large wp-image-5526\" src=\"https:\/\/www.kunstwerkstatt.at\/wp\/wp-content\/uploads\/2014\/09\/3-450x205.png\" alt=\"3\" width=\"450\" height=\"205\" srcset=\"https:\/\/www.kunstwerkstatt.at\/wp\/wp-content\/uploads\/2014\/09\/3-450x205.png 450w, https:\/\/www.kunstwerkstatt.at\/wp\/wp-content\/uploads\/2014\/09\/3-300x137.png 300w, https:\/\/www.kunstwerkstatt.at\/wp\/wp-content\/uploads\/2014\/09\/3.png 1239w\" sizes=\"auto, (max-width: 450px) 100vw, 450px\" \/><\/a><strong>E: 7\u20ac<br \/>\n<\/strong><strong>Puppentheater Stoffels Wunderkistchen:<\/strong> Stoffel kommt traurig und entt\u00e4uscht nach Hause. Alle Kinder haben so sch\u00f6ne und gro\u00dfe Laternen, die sie mit zum Umzug bringen wollen, <!--more-->aber seine Laterne ist so klein. Da will er einfach nicht mitgehen. Die Gro\u00dfmutter erz\u00e4hlt ihm das M\u00e4rchen von dem M\u00e4dchen mit der kleinen Laterne.<br \/>\n<a href=\"http:\/\/www.m%8Archen-und-mehr.at\/\"><strong>http:\/\/www.m\u00e4rchen-und-mehr.at\/<\/strong><\/a><\/p>\n","protected":false},"excerpt":{"rendered":"<p>E: 7\u20ac Puppentheater Stoffels Wunderkistchen: Stoffel kommt traurig und entt\u00e4uscht nach Hause. Alle Kinder haben so sch\u00f6ne und gro\u00dfe Laternen,&hellip;<\/p>\n","protected":false},"author":2,"featured_media":0,"comment_status":"open","ping_status":"closed","sticky":false,"template":"","format":"standard","meta":{"ngg_post_thumbnail":0,"footnotes":""},"categories":[7],"tags":[],"class_list":["post-8332","post","type-post","status-publish","format-standard","hentry","category-kids-und-jugendliche"],"_links":{"self":[{"href":"https:\/\/www.kunstwerkstatt.at\/wp\/index.php?rest_route=\/wp\/v2\/posts\/8332","targetHints":{"allow":["GET"]}}],"collection":[{"href":"https:\/\/www.kunstwerkstatt.at\/wp\/index.php?rest_route=\/wp\/v2\/posts"}],"about":[{"href":"https:\/\/www.kunstwerkstatt.at\/wp\/index.php?rest_route=\/wp\/v2\/types\/post"}],"author":[{"embeddable":true,"href":"https:\/\/www.kunstwerkstatt.at\/wp\/index.php?rest_route=\/wp\/v2\/users\/2"}],"replies":[{"embeddable":true,"href":"https:\/\/www.kunstwerkstatt.at\/wp\/index.php?rest_route=%2Fwp%2Fv2%2Fcomments&post=8332"}],"version-history":[{"count":1,"href":"https:\/\/www.kunstwerkstatt.at\/wp\/index.php?rest_route=\/wp\/v2\/posts\/8332\/revisions"}],"predecessor-version":[{"id":8333,"href":"https:\/\/www.kunstwerkstatt.at\/wp\/index.php?rest_route=\/wp\/v2\/posts\/8332\/revisions\/8333"}],"wp:attachment":[{"href":"https:\/\/www.kunstwerkstatt.at\/wp\/index.php?rest_route=%2Fwp%2Fv2%2Fmedia&parent=8332"}],"wp:term":[{"taxonomy":"category","embeddable":true,"href":"https:\/\/www.kunstwerkstatt.at\/wp\/index.php?rest_route=%2Fwp%2Fv2%2Fcategories&post=8332"},{"taxonomy":"post_tag","embeddable":true,"href":"https:\/\/www.kunstwerkstatt.at\/wp\/index.php?rest_route=%2Fwp%2Fv2%2Ftags&post=8332"}],"curies":[{"name":"wp","href":"https:\/\/api.w.org\/{rel}","templated":true}]}}