{"id":8418,"date":"2014-11-03T16:12:16","date_gmt":"2014-11-03T15:12:16","guid":{"rendered":"http:\/\/www.kunstwerkstatt.at\/wp\/?p=8418"},"modified":"2020-02-18T13:27:55","modified_gmt":"2020-02-18T12:27:55","slug":"fr-14-feb-donaudichten-poetry-slam-workshop","status":"publish","type":"post","link":"https:\/\/www.kunstwerkstatt.at\/wp\/?p=8418","title":{"rendered":"fr 14. feb Donaudichten, Poetry Slam + Workshop"},"content":{"rendered":"<p><img loading=\"lazy\" decoding=\"async\" src=\"https:\/\/www.kunstwerkstatt.at\/wp\/wp-content\/uploads\/2020\/01\/82256006_2573225852910203_8472524831965839360_o-450x299.jpg\" alt=\"82256006_2573225852910203_8472524831965839360_o\" width=\"450\" height=\"299\" class=\"aligncenter size-large wp-image-8419\" srcset=\"https:\/\/www.kunstwerkstatt.at\/wp\/wp-content\/uploads\/2020\/01\/82256006_2573225852910203_8472524831965839360_o-450x299.jpg 450w, https:\/\/www.kunstwerkstatt.at\/wp\/wp-content\/uploads\/2020\/01\/82256006_2573225852910203_8472524831965839360_o-300x199.jpg 300w, https:\/\/www.kunstwerkstatt.at\/wp\/wp-content\/uploads\/2020\/01\/82256006_2573225852910203_8472524831965839360_o.jpg 2048w\" sizes=\"auto, (max-width: 450px) 100vw, 450px\" \/><\/p>\n<p>Beste Wortkunst aus Stadt, Land und Donau! Poetry Slam ist moderne Poesie und Performance. Ob zum Lachen oder Tr\u00e4umen, zum Genie\u00dfen oder Ausrasten. F\u00fcnf Minuten B\u00fchnenzeit f\u00fcr selbst verfasste Texte. Alle Textsorten sind willkommen, der Art des Vortrags keine Grenzen gesetzt. Requisiten gibt\u2019s keine. Das Publikum ist die Jury. Ihr seid das Publikum \u2013 herzlich willkommen!<\/p>\n<p>Workshop: 16:00-18:00<br \/>\nPoetry Slam: Einlass 19:30, Beginn 20:00<br \/>\nAbendkassa (Poetry Slam): 11\u20ac bzw. 8\u20ac erm\u00e4\u00dfigt<\/p>\n<p><!--more--><\/p>\n<p>Mitmachen:<br \/>\nDonaudichten ist ein Poetry Slam mit geladenen Slammerinnen und Slammern aus dem gesamten deutschsprachigen Raum. Und gerne mit dir. Wenn du mit deinem Text an das Mikro willst, dann wollen wir das auch.<\/p>\n<p>Workshop:<br \/>\nAm Nachmittag des Veranstaltungstages bieten wir einen kostenlosen Workshop an. Zum kreativen Austausch, zum Schreiben, zum Feilen an Texten, zum Kennenlernen. Geleitet vom Tullner Stammmoderator und \u00d6sterreichischen Poetry Slam Meister Jonas Scheiner.<\/p>\n<p>WORKSHOP: wann und wo?<br \/>\nKunstwerksatt, Albrechtsgasse 18<br \/>\n16:00 &#8211; 18:00<\/p>\n<p>Du m\u00f6chtest am Slam und\/oder am Workshop teilnehmen? Du hast Fragen? Dann melde dich! Anmeldung f\u00fcr Slam\/Workshop bitte bis einen Tag vor der Veranstaltung.<br \/>\nMail an contact@fomp.eu<\/p>\n<p>\u2022\u2022\u2022\u2022\u2022\u2022\u2022\u2022\u2022\u2022\u2022\u2022\u2022\u2022\u2022\u2022\u2022\u2022\u2022\u2022\u2022\u2022\u2022\u2022\u2022\u2022\u2022\u2022\u2022\u2022\u2022\u2022\u2022\u2022\u2022\u2022\u2022\u2022\u2022\u2022\u2022\u2022\u2022\u2022\u2022\u2022\u2022\u2022\u2022\u2022\u2022\u2022\u2022\u2022\u2022\u2022<\/p>\n<p>POETRY SLAM<br \/>\nKunstwerkstatt Tulln<br \/>\nAlbrechtsgasse 18<\/p>\n<p>Einlass 19:30<br \/>\nBeginn 20:00<\/p>\n<p>Tickets sind nur an der Abendkassa erh\u00e4ltlich:<br \/>\n8\u20ac (erm\u00e4\u00dfigt f\u00fcr Sch\u00fclerInnen, Studierende, Lehrlinge)<br \/>\n11\u20ac (regul\u00e4r)<\/p>\n<p>\u2022\u2022\u2022\u2022\u2022\u2022\u2022\u2022\u2022\u2022\u2022\u2022\u2022\u2022\u2022\u2022\u2022\u2022\u2022\u2022\u2022\u2022\u2022\u2022\u2022\u2022\u2022\u2022\u2022\u2022\u2022\u2022\u2022\u2022\u2022\u2022\u2022\u2022\u2022\u2022\u2022\u2022\u2022\u2022\u2022\u2022\u2022\u2022\u2022\u2022\u2022\u2022\u2022\u2022\u2022\u2022<\/p>\n<p>proudly presented by<br \/>\nFOMP<\/p>\n<p>made possible by<br \/>\nyou<\/p>\n","protected":false},"excerpt":{"rendered":"<p>Beste Wortkunst aus Stadt, Land und Donau! Poetry Slam ist moderne Poesie und Performance. Ob zum Lachen oder Tr\u00e4umen, zum&hellip;<\/p>\n","protected":false},"author":4,"featured_media":0,"comment_status":"open","ping_status":"closed","sticky":false,"template":"","format":"standard","meta":{"ngg_post_thumbnail":0,"footnotes":""},"categories":[12,15],"tags":[],"class_list":["post-8418","post","type-post","status-publish","format-standard","hentry","category-performances","category-workshop"],"_links":{"self":[{"href":"https:\/\/www.kunstwerkstatt.at\/wp\/index.php?rest_route=\/wp\/v2\/posts\/8418","targetHints":{"allow":["GET"]}}],"collection":[{"href":"https:\/\/www.kunstwerkstatt.at\/wp\/index.php?rest_route=\/wp\/v2\/posts"}],"about":[{"href":"https:\/\/www.kunstwerkstatt.at\/wp\/index.php?rest_route=\/wp\/v2\/types\/post"}],"author":[{"embeddable":true,"href":"https:\/\/www.kunstwerkstatt.at\/wp\/index.php?rest_route=\/wp\/v2\/users\/4"}],"replies":[{"embeddable":true,"href":"https:\/\/www.kunstwerkstatt.at\/wp\/index.php?rest_route=%2Fwp%2Fv2%2Fcomments&post=8418"}],"version-history":[{"count":1,"href":"https:\/\/www.kunstwerkstatt.at\/wp\/index.php?rest_route=\/wp\/v2\/posts\/8418\/revisions"}],"predecessor-version":[{"id":8420,"href":"https:\/\/www.kunstwerkstatt.at\/wp\/index.php?rest_route=\/wp\/v2\/posts\/8418\/revisions\/8420"}],"wp:attachment":[{"href":"https:\/\/www.kunstwerkstatt.at\/wp\/index.php?rest_route=%2Fwp%2Fv2%2Fmedia&parent=8418"}],"wp:term":[{"taxonomy":"category","embeddable":true,"href":"https:\/\/www.kunstwerkstatt.at\/wp\/index.php?rest_route=%2Fwp%2Fv2%2Fcategories&post=8418"},{"taxonomy":"post_tag","embeddable":true,"href":"https:\/\/www.kunstwerkstatt.at\/wp\/index.php?rest_route=%2Fwp%2Fv2%2Ftags&post=8418"}],"curies":[{"name":"wp","href":"https:\/\/api.w.org\/{rel}","templated":true}]}}