{"id":8426,"date":"2014-11-02T20:25:43","date_gmt":"2014-11-02T19:25:43","guid":{"rendered":"http:\/\/www.kunstwerkstatt.at\/wp\/?p=8426"},"modified":"2020-02-11T09:32:49","modified_gmt":"2020-02-11T08:32:49","slug":"monatlich-puppentheater-stoffl-mit-karin-duit","status":"publish","type":"post","link":"https:\/\/www.kunstwerkstatt.at\/wp\/?p=8426","title":{"rendered":"Monatlich: Puppentheater Stoffl mit Karin Duit"},"content":{"rendered":"<p><img loading=\"lazy\" decoding=\"async\" class=\"aligncenter size-large wp-image-8428\" src=\"https:\/\/www.kunstwerkstatt.at\/wp\/wp-content\/uploads\/2020\/01\/kStoffelKarin-450x305.jpg\" alt=\"kStoffelKarin\" width=\"450\" height=\"305\" srcset=\"https:\/\/www.kunstwerkstatt.at\/wp\/wp-content\/uploads\/2020\/01\/kStoffelKarin-450x305.jpg 450w, https:\/\/www.kunstwerkstatt.at\/wp\/wp-content\/uploads\/2020\/01\/kStoffelKarin-300x203.jpg 300w, https:\/\/www.kunstwerkstatt.at\/wp\/wp-content\/uploads\/2020\/01\/kStoffelKarin.jpg 1324w\" sizes=\"auto, (max-width: 450px) 100vw, 450px\" \/><\/p>\n<p>Der Stoffl in der KWT:<\/p>\n<p>so 12. J\u00e4nner:\u00a0Stoffl und die Eisprinzessin<br \/>\nso 9. Februar:\u00a0Stoffl im Fasching<br \/>\nso\u00a08. M\u00e4rz:\u00a0Stoffl im Zauberwalds<br \/>\nso 19. April:\u00a0Stoffl und der R\u00e4uber Rorbart<br \/>\nso 10. Mai:\u00a0Stoffl und die Nixe<br \/>\nso 14. Juni:\u00a0Stoffl hat Geburtstag<\/p>\n<p>Immer um 11:00 und 7\u20ac\/Person.<\/p>\n<p>Karin Duit: Kinder und Erwachsene lieben das Puppenspiel. Auf meinen B\u00fchnen arbeite ich mit einfachsten Mitteln die der Fantasie der Zuschauer viel Raum lassen.<!--more--><\/p>\n<p>In diesem magischen Raum werden die Geschichten und M\u00e4rchen lebendig. Es ist erstaunlich, wie ruhig und konzentiert es dabei wird, obwohl jedes Kind mit seinen Ideen immer wieder aufgefordert wird, sich einzubringen. Die Spannung bleibt bis zum Schlu\u00df.<\/p>\n<p>Die Erfahrung zeigt, da\u00df diese Ruhe von mir als Puppenspielerin auf die Kinder \u00fcbertragen wird. Mit leisen Liedern und Kl\u00e4ngen, mit langsamen, bedachten Bewegungen und mit liebenswerten Figuren wird dieses Erlebnis vertieft. Und aus der Tiefe des Erlebten werden die kleinen Zuschauer wieder achtsam zur\u00fcck in die \u201eWirklichkeit\u201c gef\u00fchrt.<\/p>\n<p><a href=\"http:\/\/www.xn--mrchen-und-mehr-0kb.at\/\">http:\/\/www.xn--mrchen-und-mehr-0kb.at\/<\/a><\/p>\n","protected":false},"excerpt":{"rendered":"<p>Der Stoffl in der KWT: so 12. J\u00e4nner:\u00a0Stoffl und die Eisprinzessin so 9. Februar:\u00a0Stoffl im Fasching so\u00a08. M\u00e4rz:\u00a0Stoffl im Zauberwalds&hellip;<\/p>\n","protected":false},"author":4,"featured_media":0,"comment_status":"open","ping_status":"closed","sticky":false,"template":"","format":"standard","meta":{"ngg_post_thumbnail":0,"footnotes":""},"categories":[7,13],"tags":[],"class_list":["post-8426","post","type-post","status-publish","format-standard","hentry","category-kids-und-jugendliche","category-theater"],"_links":{"self":[{"href":"https:\/\/www.kunstwerkstatt.at\/wp\/index.php?rest_route=\/wp\/v2\/posts\/8426","targetHints":{"allow":["GET"]}}],"collection":[{"href":"https:\/\/www.kunstwerkstatt.at\/wp\/index.php?rest_route=\/wp\/v2\/posts"}],"about":[{"href":"https:\/\/www.kunstwerkstatt.at\/wp\/index.php?rest_route=\/wp\/v2\/types\/post"}],"author":[{"embeddable":true,"href":"https:\/\/www.kunstwerkstatt.at\/wp\/index.php?rest_route=\/wp\/v2\/users\/4"}],"replies":[{"embeddable":true,"href":"https:\/\/www.kunstwerkstatt.at\/wp\/index.php?rest_route=%2Fwp%2Fv2%2Fcomments&post=8426"}],"version-history":[{"count":3,"href":"https:\/\/www.kunstwerkstatt.at\/wp\/index.php?rest_route=\/wp\/v2\/posts\/8426\/revisions"}],"predecessor-version":[{"id":8430,"href":"https:\/\/www.kunstwerkstatt.at\/wp\/index.php?rest_route=\/wp\/v2\/posts\/8426\/revisions\/8430"}],"wp:attachment":[{"href":"https:\/\/www.kunstwerkstatt.at\/wp\/index.php?rest_route=%2Fwp%2Fv2%2Fmedia&parent=8426"}],"wp:term":[{"taxonomy":"category","embeddable":true,"href":"https:\/\/www.kunstwerkstatt.at\/wp\/index.php?rest_route=%2Fwp%2Fv2%2Fcategories&post=8426"},{"taxonomy":"post_tag","embeddable":true,"href":"https:\/\/www.kunstwerkstatt.at\/wp\/index.php?rest_route=%2Fwp%2Fv2%2Ftags&post=8426"}],"curies":[{"name":"wp","href":"https:\/\/api.w.org\/{rel}","templated":true}]}}