{"id":9149,"date":"2010-08-17T21:23:00","date_gmt":"2010-08-17T20:23:00","guid":{"rendered":"http:\/\/www.kunstwerkstatt.at\/wp\/?p=9149"},"modified":"2022-08-05T19:22:56","modified_gmt":"2022-08-05T18:22:56","slug":"wirkwt-in-zeiten-wie-diesen","status":"publish","type":"post","link":"https:\/\/www.kunstwerkstatt.at\/wp\/?p=9149","title":{"rendered":"IN ZEITEN WIE DIESEN"},"content":{"rendered":"\n<figure class=\"wp-block-image alignfull size-full\"><img loading=\"lazy\" decoding=\"async\" width=\"1240\" height=\"728\" src=\"https:\/\/www.kunstwerkstatt.at\/wp\/wp-content\/uploads\/2020\/08\/KWT_WIRKWT_E_Mail2.jpg\" alt=\"\" class=\"wp-image-9316\" srcset=\"https:\/\/www.kunstwerkstatt.at\/wp\/wp-content\/uploads\/2020\/08\/KWT_WIRKWT_E_Mail2.jpg 1240w, https:\/\/www.kunstwerkstatt.at\/wp\/wp-content\/uploads\/2020\/08\/KWT_WIRKWT_E_Mail2-300x176.jpg 300w, https:\/\/www.kunstwerkstatt.at\/wp\/wp-content\/uploads\/2020\/08\/KWT_WIRKWT_E_Mail2-450x264.jpg 450w, https:\/\/www.kunstwerkstatt.at\/wp\/wp-content\/uploads\/2020\/08\/KWT_WIRKWT_E_Mail2-768x451.jpg 768w\" sizes=\"auto, (max-width: 1240px) 100vw, 1240px\" \/><\/figure>\n\n\n\n<h3 class=\"wp-block-heading\">WIR:KWT Gruppenausstellung<\/h3>\n\n\n\n<p><strong>Vernissage: Freitag, 28. August 2020 (19.00)<br>Ausstellung: 29.8. bis 6.9. 2020<\/strong><br>Fr\/Sa\/So. 16 &#8211; 20 Uhr und gegen Voranmeldung<br>Zugang \u00fcber die Donaul\u00e4nde<br>Freier Eintritt!<\/p>\n\n\n\n<div class=\"wp-block-buttons is-layout-flex wp-block-buttons-is-layout-flex\">\n<div class=\"wp-block-button is-style-outline is-style-outline--1\"><a class=\"wp-block-button__link\" href=\"https:\/\/www.kunstwerkstatt.at\/wp\/?p=9253\">Zur Online-Galerie!<\/a><\/div>\n<\/div>\n\n\n\n<p><\/p>\n\n\n\n<p>Corona hat alles ver\u00e4ndert. Wir haben uns daran gew\u00f6hnt, Abstand zu halten und Masken zu tragen. Wir k\u00f6nnen einander zwar wieder treffen, aber immer noch gelten viele Einschr\u00e4nkungen oder Vorsichtsma\u00dfnahmen. Und doch: Wir lassen uns nicht unterkriegen und haben auch heuer eine&nbsp;Gemeinschaftsausstellung&nbsp;auf die Beine gestellt.<\/p>\n\n\n\n<p>Antworten geben zehn K\u00fcnstler und K\u00fcnstlerinnen, die als Mitglieder der KWT von den beiden Juroren Carl Aigner und Wolfgang Giegler ausgew\u00e4hlt worden sind:<\/p>\n\n\n\n<ul class=\"wp-block-list\"><li><a href=\"http:\/\/www.ambrozya.com\/ambrozy\"><strong>Anne Marie Ambrozy<\/strong><\/a><\/li><li><a href=\"https:\/\/www.cornelia-caufmann.com\/\"><strong>Cornelia Caufmann<\/strong><\/a><\/li><li><a href=\"https:\/\/anna-doppler-kuncic.jimdosite.com\/\"><strong>Anna Doppler-Kun\u010di\u0107<\/strong><\/a><\/li><li><a href=\"https:\/\/friedlundpartner.at\/\"><strong>Rainer Friedl<\/strong><\/a><\/li><li><a href=\"http:\/\/art-transalpin.com\/manfred-hirschbrich\/\"><strong>Manfred Hirschbrich<\/strong><\/a><\/li><li><a href=\"https:\/\/www.kunstwerkstatt.at\/wp\/wp-content\/uploads\/2020\/08\/lebenslauf-1-2018.pdf\"><strong>Gert Linke<\/strong><\/a><\/li><li><a href=\"https:\/\/www.facebook.com\/cheikhniass.painter\/timeline?lst=100000160340916%3A100000503812933%3A1598440711\"><strong>Cheickh Niass<\/strong><\/a><\/li><li><a href=\"http:\/\/members.aon.at\/orleth\/\"><strong>Walter Orleth<\/strong><\/a><\/li><li><a href=\"http:\/\/www.gisela-reimer.at\/\"><strong>Gisela Reimer<\/strong><\/a><\/li><li><strong><a href=\"http:\/\/www.tanz-raum.at\/joo\/\">Margarete Spornberger<\/a><\/strong><\/li><\/ul>\n\n\n\n<div class=\"wp-block-buttons is-layout-flex wp-block-buttons-is-layout-flex\">\n<div class=\"wp-block-button is-style-outline is-style-outline--2\"><a class=\"wp-block-button__link\" href=\"https:\/\/www.kunstwerkstatt.at\/wp\/?p=9024\">Infos Corona-Ma\u00dfnahmen im KWT-Betrieb<\/a><\/div>\n<\/div>\n\n\n\n<div style=\"height:20px\" aria-hidden=\"true\" class=\"wp-block-spacer\"><\/div>\n\n\n\n<div class=\"wp-block-image\"><figure class=\"alignleft size-large is-resized\"><a href=\"https:\/\/www.kunstwerkstatt.at\/wp\/?page_id=8609\"><img loading=\"lazy\" decoding=\"async\" src=\"https:\/\/www.kunstwerkstatt.at\/wp\/wp-content\/uploads\/2020\/05\/KWT-Galerie.jpg\" alt=\"\" class=\"wp-image-8533\" width=\"203\" height=\"89\"\/><\/a><figcaption>Eine Ausstellung der KWT-Galerie<\/figcaption><\/figure><\/div>\n\n\n\n<div style=\"height:20px\" aria-hidden=\"true\" class=\"wp-block-spacer\"><\/div>\n\n\n\n<p><\/p>\n","protected":false},"excerpt":{"rendered":"<p>WIR:KWT Gruppenausstellung Vernissage: Freitag, 28. August 2020 (19.00)Ausstellung: 29.8. bis 6.9. 2020Fr\/Sa\/So. 16 &#8211; 20 Uhr und gegen VoranmeldungZugang \u00fcber&hellip;<\/p>\n","protected":false},"author":4,"featured_media":0,"comment_status":"closed","ping_status":"closed","sticky":false,"template":"","format":"standard","meta":{"ngg_post_thumbnail":0,"footnotes":""},"categories":[3,12],"tags":[],"class_list":["post-9149","post","type-post","status-publish","format-standard","hentry","category-ausstellung","category-performances"],"_links":{"self":[{"href":"https:\/\/www.kunstwerkstatt.at\/wp\/index.php?rest_route=\/wp\/v2\/posts\/9149","targetHints":{"allow":["GET"]}}],"collection":[{"href":"https:\/\/www.kunstwerkstatt.at\/wp\/index.php?rest_route=\/wp\/v2\/posts"}],"about":[{"href":"https:\/\/www.kunstwerkstatt.at\/wp\/index.php?rest_route=\/wp\/v2\/types\/post"}],"author":[{"embeddable":true,"href":"https:\/\/www.kunstwerkstatt.at\/wp\/index.php?rest_route=\/wp\/v2\/users\/4"}],"replies":[{"embeddable":true,"href":"https:\/\/www.kunstwerkstatt.at\/wp\/index.php?rest_route=%2Fwp%2Fv2%2Fcomments&post=9149"}],"version-history":[{"count":33,"href":"https:\/\/www.kunstwerkstatt.at\/wp\/index.php?rest_route=\/wp\/v2\/posts\/9149\/revisions"}],"predecessor-version":[{"id":9876,"href":"https:\/\/www.kunstwerkstatt.at\/wp\/index.php?rest_route=\/wp\/v2\/posts\/9149\/revisions\/9876"}],"wp:attachment":[{"href":"https:\/\/www.kunstwerkstatt.at\/wp\/index.php?rest_route=%2Fwp%2Fv2%2Fmedia&parent=9149"}],"wp:term":[{"taxonomy":"category","embeddable":true,"href":"https:\/\/www.kunstwerkstatt.at\/wp\/index.php?rest_route=%2Fwp%2Fv2%2Fcategories&post=9149"},{"taxonomy":"post_tag","embeddable":true,"href":"https:\/\/www.kunstwerkstatt.at\/wp\/index.php?rest_route=%2Fwp%2Fv2%2Ftags&post=9149"}],"curies":[{"name":"wp","href":"https:\/\/api.w.org\/{rel}","templated":true}]}}