{"id":9197,"date":"2010-08-17T21:28:00","date_gmt":"2010-08-17T20:28:00","guid":{"rendered":"http:\/\/www.kunstwerkstatt.at\/wp\/?p=9197"},"modified":"2020-08-21T11:46:50","modified_gmt":"2020-08-21T10:46:50","slug":"mariana-ionita","status":"publish","type":"post","link":"https:\/\/www.kunstwerkstatt.at\/wp\/?p=9197","title":{"rendered":"MARIANA IONITA"},"content":{"rendered":"\n<figure class=\"wp-block-image alignfull size-full\"><img loading=\"lazy\" decoding=\"async\" width=\"808\" height=\"839\" src=\"https:\/\/www.kunstwerkstatt.at\/wp\/wp-content\/uploads\/2020\/08\/Screenshot-2020-08-18-at-23.24.21.png\" alt=\"\" class=\"wp-image-9557\" srcset=\"https:\/\/www.kunstwerkstatt.at\/wp\/wp-content\/uploads\/2020\/08\/Screenshot-2020-08-18-at-23.24.21.png 808w, https:\/\/www.kunstwerkstatt.at\/wp\/wp-content\/uploads\/2020\/08\/Screenshot-2020-08-18-at-23.24.21-289x300.png 289w, https:\/\/www.kunstwerkstatt.at\/wp\/wp-content\/uploads\/2020\/08\/Screenshot-2020-08-18-at-23.24.21-450x467.png 450w, https:\/\/www.kunstwerkstatt.at\/wp\/wp-content\/uploads\/2020\/08\/Screenshot-2020-08-18-at-23.24.21-768x797.png 768w\" sizes=\"auto, (max-width: 808px) 100vw, 808px\" \/><\/figure>\n\n\n\n<h5 class=\"wp-block-heading\">Das Meer und die Nacht<strong> <\/strong><\/h5>\n\n\n\n<p>Vernissage: Fr. 11.September (19:00)<br>Er\u00f6ffnungsredner: Dr. Franz J. Schwelle<br>Ausstellung: 12.-27.9. Sa-So (14-18:00) <\/p>\n\n\n\n<div class=\"wp-block-buttons is-layout-flex wp-block-buttons-is-layout-flex\">\n<div class=\"wp-block-button is-style-outline is-style-outline--1\"><a class=\"wp-block-button__link\" href=\"https:\/\/www.kunstwerkstatt.at\/wp\/?p=9024\">Infos Corona-Ma\u00dfnahmen im KWT-Betrieb<\/a><\/div>\n<\/div>\n\n\n\n<div style=\"height:20px\" aria-hidden=\"true\" class=\"wp-block-spacer\"><\/div>\n\n\n\n<blockquote class=\"wp-block-quote is-layout-flow wp-block-quote-is-layout-flow\"><p>F\u00fcr die K\u00fcnstlerin Mariana Ionita ist der bildnerische Prozess eine Form der authentischen und wahrhaften Form der Kommunikation ihrer Innenwelt mit der Umgebung. <\/p><p>Wobei die Au\u00dfenwelt f\u00fcr ihre Arbeit wichtig, aber nicht das entscheidende Kriterium darstellt. Ihre Arbeit ist nicht Betrachter orientiert, richtet sich nach keinen Marktinteressen und ist in ihrer perfekten Technik von keinen k\u00fcnstlerischen Modestr\u00f6mungen abh\u00e4ngig. <\/p><p>M.I. gelingt es auf unterschiedlichste Art und Weise, etwas von sich her zu zeigen, ihr Inneres ein wenig zu \u00f6ffnen und die Neugier zu wecken, aber gleich wieder alles in einem r\u00e4tselhaftem Bild verschwinden zu lassen.<\/p><cite>Dr. Franz J. Schwelle<\/cite><\/blockquote>\n\n\n\n<div style=\"height:20px\" aria-hidden=\"true\" class=\"wp-block-spacer\"><\/div>\n\n\n\n<div class=\"wp-block-image\"><figure class=\"alignleft size-large is-resized\"><a href=\"https:\/\/www.kunstwerkstatt.at\/wp\/?page_id=8609\"><img loading=\"lazy\" decoding=\"async\" src=\"https:\/\/www.kunstwerkstatt.at\/wp\/wp-content\/uploads\/2020\/05\/KWT-Galerie.jpg\" alt=\"\" class=\"wp-image-8533\" width=\"203\" height=\"89\"\/><\/a><figcaption>Eine Ausstellung der KWT-Galerie<\/figcaption><\/figure><\/div>\n","protected":false},"excerpt":{"rendered":"<p>Das Meer und die Nacht Vernissage: Fr. 11.September (19:00)Er\u00f6ffnungsredner: Dr. Franz J. SchwelleAusstellung: 12.-27.9. Sa-So (14-18:00) F\u00fcr die K\u00fcnstlerin Mariana&hellip;<\/p>\n","protected":false},"author":4,"featured_media":0,"comment_status":"closed","ping_status":"closed","sticky":false,"template":"","format":"standard","meta":{"ngg_post_thumbnail":0,"footnotes":""},"categories":[1],"tags":[],"class_list":["post-9197","post","type-post","status-publish","format-standard","hentry","category-uncategorized"],"_links":{"self":[{"href":"https:\/\/www.kunstwerkstatt.at\/wp\/index.php?rest_route=\/wp\/v2\/posts\/9197","targetHints":{"allow":["GET"]}}],"collection":[{"href":"https:\/\/www.kunstwerkstatt.at\/wp\/index.php?rest_route=\/wp\/v2\/posts"}],"about":[{"href":"https:\/\/www.kunstwerkstatt.at\/wp\/index.php?rest_route=\/wp\/v2\/types\/post"}],"author":[{"embeddable":true,"href":"https:\/\/www.kunstwerkstatt.at\/wp\/index.php?rest_route=\/wp\/v2\/users\/4"}],"replies":[{"embeddable":true,"href":"https:\/\/www.kunstwerkstatt.at\/wp\/index.php?rest_route=%2Fwp%2Fv2%2Fcomments&post=9197"}],"version-history":[{"count":12,"href":"https:\/\/www.kunstwerkstatt.at\/wp\/index.php?rest_route=\/wp\/v2\/posts\/9197\/revisions"}],"predecessor-version":[{"id":9563,"href":"https:\/\/www.kunstwerkstatt.at\/wp\/index.php?rest_route=\/wp\/v2\/posts\/9197\/revisions\/9563"}],"wp:attachment":[{"href":"https:\/\/www.kunstwerkstatt.at\/wp\/index.php?rest_route=%2Fwp%2Fv2%2Fmedia&parent=9197"}],"wp:term":[{"taxonomy":"category","embeddable":true,"href":"https:\/\/www.kunstwerkstatt.at\/wp\/index.php?rest_route=%2Fwp%2Fv2%2Fcategories&post=9197"},{"taxonomy":"post_tag","embeddable":true,"href":"https:\/\/www.kunstwerkstatt.at\/wp\/index.php?rest_route=%2Fwp%2Fv2%2Ftags&post=9197"}],"curies":[{"name":"wp","href":"https:\/\/api.w.org\/{rel}","templated":true}]}}