{"id":9253,"date":"2020-08-17T23:39:13","date_gmt":"2020-08-17T22:39:13","guid":{"rendered":"http:\/\/www.kunstwerkstatt.at\/wp\/?p=9253"},"modified":"2020-10-02T08:12:09","modified_gmt":"2020-10-02T07:12:09","slug":"in-zeiten-wie-diesen","status":"publish","type":"post","link":"https:\/\/www.kunstwerkstatt.at\/wp\/?p=9253","title":{"rendered":"In Zeiten wie Diesen &#8211; Online!"},"content":{"rendered":"\n<div style=\"height:33px\" aria-hidden=\"true\" class=\"wp-block-spacer\"><\/div>\n\n\n\n<hr class=\"wp-block-separator has-text-color has-background has-secondary-background-color has-secondary-color is-style-wide\"\/>\n\n\n\n<div style=\"height:42px\" aria-hidden=\"true\" class=\"wp-block-spacer\"><\/div>\n\n\n\n<h3 class=\"has-text-align-center wp-block-heading\">KWT ONLINE GALERIE<\/h3>\n\n\n\n<h1 class=\"has-text-align-center has-huge-font-size wp-block-heading\"><span class=\"has-inline-color has-secondary-color\">IN ZEITEN WIE DIESEN<\/span><\/h1>\n\n\n\n<p class=\"has-text-align-center\"><strong>WIR:KWT Gruppenausstellung<\/strong> <br><strong>29.8. bis 6.9.2020<\/strong><\/p>\n\n\n\n<p class=\"has-text-align-center\">In Zeiten wie diesen ist vieles anders. Die KWT pr\u00e4sentiert die Arbeiten von K\u00fcnstlerinnen und K\u00fcnstlern ab jetzt auch online. Unabh\u00e4ngig von \u00d6ffnungszeiten, mit viel Platz f\u00fcr vielf\u00e4ltige Werke. Als zus\u00e4tzliches Angebot f\u00fcr alle, die mal reinschnuppern wollen. Wobei schon klar ist: Das Ausstellungs-Erlebnis k\u00f6nnen wir nicht ersetzen. Und das wollen wir auch gar nicht. Galerie bleibt Galerie. <\/p>\n\n\n\n<p class=\"has-text-align-center\"><strong>Schauen Sie rein. <\/strong><br><strong>Es zahlt sich aus.<\/strong><\/p>\n\n\n\n<div style=\"height:33px\" aria-hidden=\"true\" class=\"wp-block-spacer\"><\/div>\n\n\n\n<hr class=\"wp-block-separator has-text-color has-background has-secondary-background-color has-secondary-color is-style-wide\"\/>\n\n\n\n<h6 class=\"has-text-align-center wp-block-heading\">Ausgestellt:<\/h6>\n\n\n\n<h3 class=\"has-text-align-center wp-block-heading\"><strong><a href=\"#marieambrozy\">Anne Marie Ambrozy<\/a><\/strong><\/h3>\n\n\n\n<h3 class=\"has-text-align-center has-secondary-color has-text-color wp-block-heading\"><strong><a href=\"#caufmann\">Cornelia Caufmann<\/a><\/strong><\/h3>\n\n\n\n<h3 class=\"has-text-align-center wp-block-heading\"><strong><a href=\"#Doppler-Kun\u010di\u0107\">Anna Doppler-Kun\u010di\u0107<\/a><\/strong><\/h3>\n\n\n\n<h3 class=\"has-text-align-center has-secondary-color has-text-color wp-block-heading\"><strong><a href=\"#friedl\">Rainer Friedl<\/a><\/strong><\/h3>\n\n\n\n<h3 class=\"has-text-align-center wp-block-heading\"><strong><a href=\"#Hirschbrich\">Manfred Hirschbrich<\/a><\/strong><\/h3>\n\n\n\n<h3 class=\"has-text-align-center has-secondary-color has-text-color wp-block-heading\"><strong><a href=\"#linke\">Gert Linke<\/a><\/strong><\/h3>\n\n\n\n<h3 class=\"has-text-align-center wp-block-heading\"><strong><a href=\"#Niass\">Cheickh Niass<\/a><\/strong><\/h3>\n\n\n\n<h3 class=\"has-text-align-center has-secondary-color has-text-color wp-block-heading\"><strong><a href=\"#orleth\">Walter Orleth<\/a><\/strong><\/h3>\n\n\n\n<h3 class=\"has-text-align-center wp-block-heading\"><strong><a href=\"#Reimer\">Gisela Reimer<\/a><\/strong><\/h3>\n\n\n\n<h3 class=\"has-text-align-center has-secondary-color has-text-color wp-block-heading\"><strong><a href=\"#spornberger\">Margarete Spornberger<\/a><\/strong><\/h3>\n\n\n\n<div style=\"height:33px\" aria-hidden=\"true\" class=\"wp-block-spacer\"><\/div>\n\n\n\n<h6 class=\"has-text-align-center wp-block-heading\">Eingereicht:<\/h6>\n\n\n\n<h3 class=\"has-text-align-center wp-block-heading\"><strong><a href=\"#Hahn\">Anita Hahn<\/a><\/strong><\/h3>\n\n\n\n<h3 class=\"has-text-align-center wp-block-heading\"><strong><a href=\"#Reitner\">Bettina Reitner<\/a><\/strong><\/h3>\n\n\n\n<h3 class=\"has-text-align-center wp-block-heading\"><strong><a href=\"#Schramm\">Manfred Schramm<\/a><\/strong><\/h3>\n\n\n\n<h3 class=\"has-text-align-center wp-block-heading\"><a href=\"#Paal\">Roland Paal<\/a><\/h3>\n\n\n\n<div style=\"height:33px\" aria-hidden=\"true\" class=\"wp-block-spacer\"><\/div>\n\n\n\n<div class=\"wp-block-image\"><figure class=\"aligncenter size-large is-resized\"><a href=\"https:\/\/www.kunstwerkstatt.at\/wp\/?page_id=8609\"><img loading=\"lazy\" decoding=\"async\" src=\"https:\/\/www.kunstwerkstatt.at\/wp\/wp-content\/uploads\/2020\/05\/KWT-Galerie.jpg\" alt=\"\" class=\"wp-image-8533\" width=\"203\" height=\"89\"\/><\/a><figcaption>Eine Ausstellung der KWT-Galerie<\/figcaption><\/figure><\/div>\n\n\n\n<hr class=\"wp-block-separator has-text-color has-background has-secondary-background-color has-secondary-color is-style-wide\"\/>\n\n\n\n<div style=\"height:74px\" aria-hidden=\"true\" class=\"wp-block-spacer\"><\/div>\n\n\n\n<h1 class=\"has-text-align-center wp-block-heading\"><span class=\"has-inline-color has-secondary-color\">ONLINE GALERIE<\/span><\/h1>\n\n\n\n<h3 class=\"has-text-align-center wp-block-heading\"><strong>In Zeiten wie Diesen<\/strong><\/h3>\n\n\n\n<blockquote class=\"wp-block-quote has-text-align-center is-layout-flow wp-block-quote-is-layout-flow\"><p>Corona hat alles ver\u00e4ndert. Wir haben uns daran gew\u00f6hnt, Abstand zu halten und Masken zu tragen. Wir k\u00f6nnen einander zwar wieder treffen, aber immer noch gelten viele Einschr\u00e4nkungen oder Vorsichtsma\u00dfnahmen. Und doch: Wir lassen uns nicht unterkriegen und haben auch heuer eine&nbsp;Gemeinschaftsausstellung&nbsp;auf die Beine gestellt.<\/p><\/blockquote>\n\n\n\n<blockquote class=\"wp-block-quote has-text-align-center is-layout-flow wp-block-quote-is-layout-flow\"><p>Was hat Corona mit uns gemacht? Was bedeutet dieser Abschnitt unseres Lebens fu\u0308r uns? Wie schl\u00e4gt sich das in unserer Arbeit nieder? Welche Arbeiten sind in dieser Zeit entstanden? Wie reagieren wir auf die ver\u00e4nderten Bedingungen?<\/p><\/blockquote>\n\n\n\n<div style=\"height:20px\" aria-hidden=\"true\" class=\"wp-block-spacer\"><\/div>\n\n\n\n<div class=\"wp-block-buttons aligncenter is-layout-flex wp-block-buttons-is-layout-flex\">\n<div class=\"wp-block-button is-style-outline is-style-outline--1\"><a class=\"wp-block-button__link\" href=\"https:\/\/www.kunstwerkstatt.at\/wp\/wp-content\/uploads\/2020\/08\/IN-ZEITEN-WIE-DIESEN_Werke.pdf\">Download Werkliste mit Preisen (PDF)<\/a><\/div>\n<\/div>\n\n\n\n<div style=\"height:100px\" aria-hidden=\"true\" class=\"wp-block-spacer\"><\/div>\n\n\n\n<h3 class=\"has-text-align-center wp-block-heading\">Bildergalerie Ausstellung und Vernissage<\/h3>\n\n\n\n<p class=\"has-text-align-center\">Fotos von Katrin Werzinger und Walter Orleth<\/p>\n\n\n\nngg_shortcode_0_placeholder\n\n\n\n<div style=\"height:100px\" aria-hidden=\"true\" class=\"wp-block-spacer\"><\/div>\n\n\n\n<hr class=\"wp-block-separator has-text-color has-background has-secondary-background-color has-secondary-color is-style-wide\"\/>\n\n\n\n<h2 class=\"has-text-align-center wp-block-heading\" id=\"marieambrozy\">Anne Marie Ambrozy<\/h2>\n\n\n\n<div class=\"wp-block-buttons aligncenter is-layout-flex wp-block-buttons-is-layout-flex\">\n<div class=\"wp-block-button is-style-outline is-style-outline--2\"><a class=\"wp-block-button__link\" href=\"http:\/\/www.ambrozya.com\/ambrozy\">Zur K\u00fcnstlerin<\/a><\/div>\n<\/div>\n\n\n\n<p><\/p>\n\n\n\nngg_shortcode_1_placeholder\n\n\n\nngg_shortcode_2_placeholder\n\n\n\n<div style=\"height:68px\" aria-hidden=\"true\" class=\"wp-block-spacer\"><\/div>\n\n\n\n<hr class=\"wp-block-separator has-text-color has-background has-secondary-background-color has-secondary-color is-style-wide\"\/>\n\n\n\n<h2 class=\"has-text-align-center wp-block-heading\" id=\"caufmann\">Cornelia Caufmann<\/h2>\n\n\n\n<div class=\"wp-block-buttons aligncenter is-layout-flex wp-block-buttons-is-layout-flex\">\n<div class=\"wp-block-button is-style-outline is-style-outline--3\"><a class=\"wp-block-button__link\" href=\"https:\/\/www.cornelia-caufmann.com\/\">Zur K\u00fcnstlerin<\/a><\/div>\n<\/div>\n\n\n\nngg_shortcode_3_placeholder\n\n\n\nngg_shortcode_4_placeholder\n\n\n\n<div style=\"height:68px\" aria-hidden=\"true\" class=\"wp-block-spacer\"><\/div>\n\n\n\n<hr class=\"wp-block-separator has-text-color has-background has-secondary-background-color has-secondary-color is-style-wide\"\/>\n\n\n\n<h2 class=\"has-text-align-center wp-block-heading\" id=\"Doppler-Kun\u010di\u0107\">Anna Doppler-Kun\u010di\u0107<\/h2>\n\n\n\n<div class=\"wp-block-buttons aligncenter is-layout-flex wp-block-buttons-is-layout-flex\">\n<div class=\"wp-block-button is-style-outline is-style-outline--4\"><a class=\"wp-block-button__link\" href=\"https:\/\/anna-doppler-kuncic.jimdosite.com\/\">Zur K\u00fcnstlerin<\/a><\/div>\n<\/div>\n\n\n\nngg_shortcode_5_placeholder\n\n\n\nngg_shortcode_6_placeholder\n\n\n\n<div style=\"height:70px\" aria-hidden=\"true\" class=\"wp-block-spacer\"><\/div>\n\n\n\n<hr class=\"wp-block-separator has-text-color has-background has-secondary-background-color has-secondary-color is-style-wide\"\/>\n\n\n\n<h2 class=\"has-text-align-center wp-block-heading\" id=\"friedl\">Rainer Friedl<\/h2>\n\n\n\n<div class=\"wp-block-buttons aligncenter is-layout-flex wp-block-buttons-is-layout-flex\">\n<div class=\"wp-block-button is-style-outline is-style-outline--5\"><a class=\"wp-block-button__link\" href=\"https:\/\/friedlundpartner.at\/\">Zum K\u00fcnstler<\/a><\/div>\n<\/div>\n\n\n\n<div class=\"wp-block-image\"><figure class=\"aligncenter size-full\"><img loading=\"lazy\" decoding=\"async\" width=\"854\" height=\"1280\" src=\"https:\/\/www.kunstwerkstatt.at\/wp\/wp-content\/uploads\/2020\/09\/kwt-neue-1.jpeg\" alt=\"\" class=\"wp-image-9986\" srcset=\"https:\/\/www.kunstwerkstatt.at\/wp\/wp-content\/uploads\/2020\/09\/kwt-neue-1.jpeg 854w, https:\/\/www.kunstwerkstatt.at\/wp\/wp-content\/uploads\/2020\/09\/kwt-neue-1-200x300.jpeg 200w, https:\/\/www.kunstwerkstatt.at\/wp\/wp-content\/uploads\/2020\/09\/kwt-neue-1-450x674.jpeg 450w, https:\/\/www.kunstwerkstatt.at\/wp\/wp-content\/uploads\/2020\/09\/kwt-neue-1-768x1151.jpeg 768w\" sizes=\"auto, (max-width: 854px) 100vw, 854px\" \/><figcaption>RAINER FRIEDL &#8211; Fake or Reality &#8211; Foto Leuchtkasten-Aufsteller 100x200cm<\/figcaption><\/figure><\/div>\n\n\n\n<div style=\"height:100px\" aria-hidden=\"true\" class=\"wp-block-spacer\"><\/div>\n\n\n\n<hr class=\"wp-block-separator has-text-color has-background has-secondary-background-color has-secondary-color is-style-wide\"\/>\n\n\n\n<h2 class=\"has-text-align-center wp-block-heading\" id=\"Hirschbrich\">Manfred Hirschbrich<\/h2>\n\n\n\n<div class=\"wp-block-buttons aligncenter is-layout-flex wp-block-buttons-is-layout-flex\">\n<div class=\"wp-block-button is-style-outline is-style-outline--6\"><a class=\"wp-block-button__link\" href=\"http:\/\/art-transalpin.com\/manfred-hirschbrich\/\">Zum K\u00fcnstler<\/a><\/div>\n<\/div>\n\n\n\nngg_shortcode_7_placeholder\n\n\n\nngg_shortcode_8_placeholder\n\n\n\n<div style=\"height:100px\" aria-hidden=\"true\" class=\"wp-block-spacer\"><\/div>\n\n\n\n<hr class=\"wp-block-separator has-text-color has-background has-secondary-background-color has-secondary-color is-style-wide\"\/>\n\n\n\n<h2 class=\"has-text-align-center wp-block-heading\" id=\"linke\">Gert Linke<\/h2>\n\n\n\n<div class=\"wp-block-buttons aligncenter is-layout-flex wp-block-buttons-is-layout-flex\">\n<div class=\"wp-block-button is-style-outline is-style-outline--7\"><a class=\"wp-block-button__link\" href=\"https:\/\/www.kunstwerkstatt.at\/wp\/wp-content\/uploads\/2020\/08\/lebenslauf-1-2018.pdf\">Zum K\u00fcnstler<\/a><\/div>\n<\/div>\n\n\n\nngg_shortcode_9_placeholder\n\n\n\nngg_shortcode_10_placeholder\n\n\n\n<div style=\"height:69px\" aria-hidden=\"true\" class=\"wp-block-spacer\"><\/div>\n\n\n\n<hr class=\"wp-block-separator has-text-color has-background has-secondary-background-color has-secondary-color is-style-wide\"\/>\n\n\n\n<h2 class=\"has-text-align-center wp-block-heading\" id=\"Niass\">Cheickh Niass<\/h2>\n\n\n\n<div class=\"wp-block-buttons aligncenter is-layout-flex wp-block-buttons-is-layout-flex\">\n<div class=\"wp-block-button is-style-outline is-style-outline--8\"><a class=\"wp-block-button__link\" href=\"https:\/\/www.facebook.com\/cheikhniass.painter\/timeline?lst=100000160340916%3A100000503812933%3A1598440711\">Zum K\u00fcnstler<\/a><\/div>\n<\/div>\n\n\n\nngg_shortcode_11_placeholder\n\n\n\nngg_shortcode_12_placeholder\n\n\n\n<div style=\"height:70px\" aria-hidden=\"true\" class=\"wp-block-spacer\"><\/div>\n\n\n\n<hr class=\"wp-block-separator has-text-color has-background has-secondary-background-color has-secondary-color is-style-wide\"\/>\n\n\n\n<h2 class=\"has-text-align-center wp-block-heading\" id=\"orleth\">&nbsp;Walter Orleth&nbsp;<\/h2>\n\n\n\n<div class=\"wp-block-buttons aligncenter is-layout-flex wp-block-buttons-is-layout-flex\">\n<div class=\"wp-block-button is-style-outline is-style-outline--9\"><a class=\"wp-block-button__link\" href=\"http:\/\/members.aon.at\/orleth\/\">Zum K\u00fcnstler<\/a><\/div>\n<\/div>\n\n\n\nngg_shortcode_13_placeholder\n\n\n\nngg_shortcode_14_placeholder\n\n\n\n<div style=\"height:20px\" aria-hidden=\"true\" class=\"wp-block-spacer\"><\/div>\n\n\n\n<div class=\"wp-block-buttons aligncenter is-layout-flex wp-block-buttons-is-layout-flex\">\n<div class=\"wp-block-button is-style-outline is-style-outline--10\"><a class=\"wp-block-button__link\" href=\"https:\/\/www.kunstwerkstatt.at\/wp\/wp-content\/uploads\/2020\/10\/KOKON19-FlyerWeb.pdf\"> &gt;&gt; Infos zur Kunstinstallation (PDF)<\/a><\/div>\n<\/div>\n\n\n\n<figure class=\"wp-block-embed is-type-video is-provider-youtube wp-block-embed-youtube wp-embed-aspect-16-9 wp-has-aspect-ratio\"><div class=\"wp-block-embed__wrapper\">\n<iframe loading=\"lazy\" title=\"31. August 2020\" width=\"688\" height=\"387\" src=\"https:\/\/www.youtube.com\/embed\/zj5ph9gHWwU?feature=oembed\" frameborder=\"0\" allow=\"accelerometer; autoplay; clipboard-write; encrypted-media; gyroscope; picture-in-picture\" allowfullscreen><\/iframe>\n<\/div><\/figure>\n\n\n\n<div style=\"height:91px\" aria-hidden=\"true\" class=\"wp-block-spacer\"><\/div>\n\n\n\n<hr class=\"wp-block-separator has-text-color has-background has-secondary-background-color has-secondary-color is-style-wide\"\/>\n\n\n\n<h2 class=\"has-text-align-center wp-block-heading\" id=\"Reimer\">Gisela Reimer<\/h2>\n\n\n\n<div class=\"wp-block-buttons aligncenter is-layout-flex wp-block-buttons-is-layout-flex\">\n<div class=\"wp-block-button is-style-outline is-style-outline--11\"><a class=\"wp-block-button__link\" href=\"http:\/\/www.gisela-reimer.at\/\">Zur K\u00fcnstlerin<\/a><\/div>\n<\/div>\n\n\n\n<div style=\"height:20px\" aria-hidden=\"true\" class=\"wp-block-spacer\"><\/div>\n\n\n\n<div class=\"wp-block-image\"><figure class=\"aligncenter size-full\"><img loading=\"lazy\" decoding=\"async\" width=\"1208\" height=\"960\" src=\"https:\/\/www.kunstwerkstatt.at\/wp\/wp-content\/uploads\/2020\/09\/Reimer-Gisela-TV-Verzerrung-22bunt22.jpeg\" alt=\"\" class=\"wp-image-9991\" srcset=\"https:\/\/www.kunstwerkstatt.at\/wp\/wp-content\/uploads\/2020\/09\/Reimer-Gisela-TV-Verzerrung-22bunt22.jpeg 1208w, https:\/\/www.kunstwerkstatt.at\/wp\/wp-content\/uploads\/2020\/09\/Reimer-Gisela-TV-Verzerrung-22bunt22-300x238.jpeg 300w, https:\/\/www.kunstwerkstatt.at\/wp\/wp-content\/uploads\/2020\/09\/Reimer-Gisela-TV-Verzerrung-22bunt22-450x358.jpeg 450w, https:\/\/www.kunstwerkstatt.at\/wp\/wp-content\/uploads\/2020\/09\/Reimer-Gisela-TV-Verzerrung-22bunt22-768x610.jpeg 768w\" sizes=\"auto, (max-width: 1208px) 100vw, 1208px\" \/><figcaption>GISELA REIMER &#8211; TV Verzerrung &#8222;bunt&#8220;&nbsp;<\/figcaption><\/figure><\/div>\n\n\n\n<div style=\"height:70px\" aria-hidden=\"true\" class=\"wp-block-spacer\"><\/div>\n\n\n\n<hr class=\"wp-block-separator has-text-color has-background has-secondary-background-color has-secondary-color is-style-wide\"\/>\n\n\n\n<h2 class=\"has-text-align-center wp-block-heading\" id=\"spornberger\"><strong>Margarete Spornberger<\/strong><\/h2>\n\n\n\n<div class=\"wp-block-buttons aligncenter is-layout-flex wp-block-buttons-is-layout-flex\">\n<div class=\"wp-block-button is-style-outline is-style-outline--12\"><a class=\"wp-block-button__link\" href=\"http:\/\/www.tanz-raum.at\/joo\/\">Zur K\u00fcnstlerin<\/a><\/div>\n<\/div>\n\n\n\nngg_shortcode_15_placeholder\n\n\n\nngg_shortcode_16_placeholder\n\n\n\n<div style=\"height:70px\" aria-hidden=\"true\" class=\"wp-block-spacer\"><\/div>\n\n\n\n<hr class=\"wp-block-separator has-text-color has-background has-secondary-background-color has-secondary-color is-style-wide\"\/>\n\n\n\n<h2 class=\"has-text-align-center wp-block-heading\" id=\"Hahn\">Anita Hahn<\/h2>\n\n\n\nngg_shortcode_17_placeholder\n\n\n\nngg_shortcode_18_placeholder\n\n\n\n<div style=\"height:70px\" aria-hidden=\"true\" class=\"wp-block-spacer\"><\/div>\n\n\n\n<hr class=\"wp-block-separator has-text-color has-background has-secondary-background-color has-secondary-color is-style-wide\"\/>\n\n\n\n<h2 class=\"has-text-align-center wp-block-heading\" id=\"Reitner\">Bettina Reitner<\/h2>\n\n\n\n<div style=\"height:20px\" aria-hidden=\"true\" class=\"wp-block-spacer\"><\/div>\n\n\n\n<div class=\"wp-block-image\"><figure class=\"aligncenter size-full\"><img loading=\"lazy\" decoding=\"async\" width=\"960\" height=\"961\" src=\"https:\/\/www.kunstwerkstatt.at\/wp\/wp-content\/uploads\/2020\/08\/image0-1.jpeg\" alt=\"\" class=\"wp-image-9994\" srcset=\"https:\/\/www.kunstwerkstatt.at\/wp\/wp-content\/uploads\/2020\/08\/image0-1.jpeg 960w, https:\/\/www.kunstwerkstatt.at\/wp\/wp-content\/uploads\/2020\/08\/image0-1-300x300.jpeg 300w, https:\/\/www.kunstwerkstatt.at\/wp\/wp-content\/uploads\/2020\/08\/image0-1-450x450.jpeg 450w, https:\/\/www.kunstwerkstatt.at\/wp\/wp-content\/uploads\/2020\/08\/image0-1-150x150.jpeg 150w, https:\/\/www.kunstwerkstatt.at\/wp\/wp-content\/uploads\/2020\/08\/image0-1-768x769.jpeg 768w\" sizes=\"auto, (max-width: 960px) 100vw, 960px\" \/><figcaption>BETTINA REITNER &#8211; Die Welle 2019. GHP, Sumpfkalk, Kaseinfarbe 80&#215;80<\/figcaption><\/figure><\/div>\n\n\n\n<div style=\"height:68px\" aria-hidden=\"true\" class=\"wp-block-spacer\"><\/div>\n\n\n\n<hr class=\"wp-block-separator has-text-color has-background has-secondary-background-color has-secondary-color is-style-wide\"\/>\n\n\n\n<h2 class=\"has-text-align-center wp-block-heading\" id=\"Schramm\">Manfred Schramm<\/h2>\n\n\n\nngg_shortcode_19_placeholder\n\n\n\nngg_shortcode_20_placeholder\n\n\n\n<div style=\"height:70px\" aria-hidden=\"true\" class=\"wp-block-spacer\"><\/div>\n\n\n\n<hr class=\"wp-block-separator has-text-color has-background has-secondary-background-color has-secondary-color is-style-wide\"\/>\n\n\n\n<h2 class=\"has-text-align-center wp-block-heading\" id=\"Paal\">Roland Paal<\/h2>\n\n\n\nngg_shortcode_21_placeholder\n\n\n\nngg_shortcode_22_placeholder\n","protected":false},"excerpt":{"rendered":"<p>In Zeiten wie diesen ist vieles anders. Die KWT pr\u00e4sentiert die Arbeiten von K\u00fcnstlerinnen und K\u00fcnstlern ab jetzt auch online. <\/p>\n","protected":false},"author":4,"featured_media":9316,"comment_status":"closed","ping_status":"closed","sticky":false,"template":"","format":"standard","meta":{"ngg_post_thumbnail":0,"footnotes":""},"categories":[3],"tags":[],"class_list":["post-9253","post","type-post","status-publish","format-standard","has-post-thumbnail","hentry","category-ausstellung"],"_links":{"self":[{"href":"https:\/\/www.kunstwerkstatt.at\/wp\/index.php?rest_route=\/wp\/v2\/posts\/9253","targetHints":{"allow":["GET"]}}],"collection":[{"href":"https:\/\/www.kunstwerkstatt.at\/wp\/index.php?rest_route=\/wp\/v2\/posts"}],"about":[{"href":"https:\/\/www.kunstwerkstatt.at\/wp\/index.php?rest_route=\/wp\/v2\/types\/post"}],"author":[{"embeddable":true,"href":"https:\/\/www.kunstwerkstatt.at\/wp\/index.php?rest_route=\/wp\/v2\/users\/4"}],"replies":[{"embeddable":true,"href":"https:\/\/www.kunstwerkstatt.at\/wp\/index.php?rest_route=%2Fwp%2Fv2%2Fcomments&post=9253"}],"version-history":[{"count":131,"href":"https:\/\/www.kunstwerkstatt.at\/wp\/index.php?rest_route=\/wp\/v2\/posts\/9253\/revisions"}],"predecessor-version":[{"id":10111,"href":"https:\/\/www.kunstwerkstatt.at\/wp\/index.php?rest_route=\/wp\/v2\/posts\/9253\/revisions\/10111"}],"wp:featuredmedia":[{"embeddable":true,"href":"https:\/\/www.kunstwerkstatt.at\/wp\/index.php?rest_route=\/wp\/v2\/media\/9316"}],"wp:attachment":[{"href":"https:\/\/www.kunstwerkstatt.at\/wp\/index.php?rest_route=%2Fwp%2Fv2%2Fmedia&parent=9253"}],"wp:term":[{"taxonomy":"category","embeddable":true,"href":"https:\/\/www.kunstwerkstatt.at\/wp\/index.php?rest_route=%2Fwp%2Fv2%2Fcategories&post=9253"},{"taxonomy":"post_tag","embeddable":true,"href":"https:\/\/www.kunstwerkstatt.at\/wp\/index.php?rest_route=%2Fwp%2Fv2%2Ftags&post=9253"}],"curies":[{"name":"wp","href":"https:\/\/api.w.org\/{rel}","templated":true}]}}